{"id":5589,"date":"2019-02-15T08:23:00","date_gmt":"2019-02-15T07:23:00","guid":{"rendered":"http:\/\/theark.ch\/yves-karcher-et-linnovation-au-centre-de-la-prochaine-innovibes-9258\/"},"modified":"2019-02-15T08:23:00","modified_gmt":"2019-02-15T06:23:00","slug":"yves-karcher-et-linnovation-au-centre-de-la-prochaine-innovibes-9258","status":"publish","type":"post","link":"https:\/\/theark.ch\/fr\/news\/yves-karcher-et-linnovation-au-centre-de-la-prochaine-innovibes-9258\/","title":{"rendered":"Yves Karcher et l\u2019innovation au centre de la prochaine InnoVibes"},"content":{"rendered":"<p><strong>La prochaine conf\u00e9rence <a href=\"http:\/\/www.innovibes.ch\" target=\"_blank\" rel=\"noopener\">InnoVibes<\/a>, destin\u00e9e principalement aux PME, aura lieu le vendredi 22 f\u00e9vrier prochain au <a href=\"http:\/\/www.bioark.ch\" target=\"_blank\" rel=\"noopener\">BioArk<\/a> de Monthey. A cette occasion, Yves Karcher, ex vice-pr\u00e9sident de Logitech, donnera de pr\u00e9cieux conseils sur comment encourager un esprit d\u2019innovation dans les entreprises. Il reste quelques places pour cette manifestation, dont l\u2019entr\u00e9e est gratuite. Inscriptions obligatoires <a href=\"https:\/\/www.innovibes.ch\/fr\/events\/?id=4463\" target=\"_blank\" rel=\"noopener\">sur le site d&#39;InnoVibes<\/a>. <\/strong><\/p>\n<p>\nLa culture de l\u2019imm\u00e9diatet\u00e9 et la globalisation poussent les entreprises \u00e0 innover constamment, que ce soit dans la conception de leurs produits ou services, dans leur mani\u00e8re de vendre ou dans leur fa\u00e7on de s\u2019organiser. La mise en place d\u2019une culture de l\u2019innovation peut ainsi \u00eatre vitale pour la survie ou le d\u00e9veloppement des PME et start-up. Mais comment mettre en place une culture de l\u2019innovation efficace et quels sont les b\u00e9n\u00e9fices de l\u2019esprit innovant en entreprise\u2009?<\/p>\n<p>\nPour r\u00e9pondre \u00e0 ces questions, InnoVibes a le plaisir d\u2019accueillir Yves Karcher. A sa retraite en 2014, Yves Karcher \u00e9tait vice-pr\u00e9sident de l\u2019ing\u00e9nierie pour <a href=\"https:\/\/www.logitech.com\/fr-ch\" target=\"_blank\" rel=\"noopener\">Logitech<\/a>. Il a conduit jusqu\u2019\u00e0 400 ing\u00e9nieurs sur 6 sites globaux et mis en place le site d\u2019innovation suisse, sur le campus de l\u2019EPFL. Il a cr\u00e9\u00e9 en 2015 sa propre soci\u00e9t\u00e9, <a href=\"http:\/\/www.InnoExec.com\" target=\"_blank\" rel=\"noopener\">www.InnoExec.com<\/a> et partage son exp\u00e9rience en innovation aux \u00e9tudiants. Il g\u00e8re aussi des ateliers avec des start-up, des PMEs et des soci\u00e9t\u00e9s multinationales en qu\u00eate de strat\u00e9gie innovante.<br \/>\nCette conf\u00e9rence, organis\u00e9e sur le temps de midi, est ouverte \u00e0 toutes et \u00e0 tous. L\u2019entr\u00e9e est libre, mais les inscriptions obligatoires sur le site d\u2019InnoVibes.<\/p>\n<p>\n<strong>Des conf\u00e9rences durant toute l\u2019ann\u00e9e<\/strong><br \/>\nTout au long de l\u2019ann\u00e9e 2019, la Fondation The Ark organise des conf\u00e9rences InnoVibes, sur l\u2019ensemble des sites technologiques (<a href=\"http:\/\/www.bioarkvisp.ch\" target=\"_blank\" rel=\"noopener\">BioArk Visp<\/a>, <a href=\"http:\/\/www.technoark.ch\" target=\"_blank\" rel=\"noopener\">TechnoArk<\/a>, <a href=\"http:\/\/www.energypolis.ch\" target=\"_blank\" rel=\"noopener\">Energypolis<\/a>, <a href=\"http:\/\/www.phytoark.ch\" target=\"_blank\" rel=\"noopener\">PhytoArk<\/a>, <a href=\"http:\/\/www.ideark.ch\" target=\"_blank\" rel=\"noopener\">IdeArk<\/a> et <a href=\"http:\/\/www.bioark.ch\" target=\"_blank\" rel=\"noopener\">BioArk<\/a>). Vous pouvez donc d\u00e9j\u00e0 r\u00e9server les 29 mars, 3 mai, 13 juin, 20 septembre, 4 octobre et 6 d\u00e9cembre, sur le temps de midi.<\/p>\n<p>Pour toutes ces conf\u00e9rences, c\u2019est VOUS qui d\u00e9cidez de la th\u00e9matique et des orateurs que vous souhaitez entendre\u2009! Vos propositions sont les bienvenues <a href=\"https:\/\/www.innovibes.ch\/fr\/votez\/?view=vote\" target=\"_blank\" rel=\"noopener\">sur le site internet d\u2019InnoVibes<\/a>. Vous pouvez \u00e9galement voter pour les th\u00e9matiques et orateurs d\u00e9j\u00e0 propos\u00e9s\u2009!<\/p>\n<p>\u00a0<\/p>\n","protected":false},"excerpt":{"rendered":"<p>La prochaine conf\u00e9rence InnoVibes, destin\u00e9e principalement aux PME, aura lieu le vendredi 22 f\u00e9vrier prochain au BioArk de Monthey. A cette occasion, Yves Karcher, ex vice-pr\u00e9sident de Logitech, donnera de pr\u00e9cieux conseils sur comment encourager un esprit d\u2019innovation dans les entreprises. Il reste quelques places pour cette manifestation, dont l\u2019entr\u00e9e est gratuite. Inscriptions obligatoires sur [&hellip;]<\/p>\n","protected":false},"author":1,"featured_media":5590,"comment_status":"closed","ping_status":"closed","sticky":false,"template":"","format":"standard","meta":{"_acf_changed":false,"footnotes":""},"categories":[186],"tags":[],"class_list":["post-5589","post","type-post","status-publish","format-standard","has-post-thumbnail","hentry","category-digital"],"acf":[],"_links":{"self":[{"href":"https:\/\/theark.ch\/fr\/wp-json\/wp\/v2\/posts\/5589","targetHints":{"allow":["GET"]}}],"collection":[{"href":"https:\/\/theark.ch\/fr\/wp-json\/wp\/v2\/posts"}],"about":[{"href":"https:\/\/theark.ch\/fr\/wp-json\/wp\/v2\/types\/post"}],"author":[{"embeddable":true,"href":"https:\/\/theark.ch\/fr\/wp-json\/wp\/v2\/users\/1"}],"replies":[{"embeddable":true,"href":"https:\/\/theark.ch\/fr\/wp-json\/wp\/v2\/comments?post=5589"}],"version-history":[{"count":0,"href":"https:\/\/theark.ch\/fr\/wp-json\/wp\/v2\/posts\/5589\/revisions"}],"wp:featuredmedia":[{"embeddable":true,"href":"https:\/\/theark.ch\/fr\/wp-json\/wp\/v2\/media\/5590"}],"wp:attachment":[{"href":"https:\/\/theark.ch\/fr\/wp-json\/wp\/v2\/media?parent=5589"}],"wp:term":[{"taxonomy":"category","embeddable":true,"href":"https:\/\/theark.ch\/fr\/wp-json\/wp\/v2\/categories?post=5589"},{"taxonomy":"post_tag","embeddable":true,"href":"https:\/\/theark.ch\/fr\/wp-json\/wp\/v2\/tags?post=5589"}],"curies":[{"name":"wp","href":"https:\/\/api.w.org\/{rel}","templated":true}]}}