{"id":5722,"date":"2019-05-03T11:19:00","date_gmt":"2019-05-03T09:19:00","guid":{"rendered":"http:\/\/theark.ch\/trois-finalistes-hauts-en-couleur-pour-la-10e-edition-du-prix-createurs-bcvs-9318\/"},"modified":"2019-05-03T11:19:00","modified_gmt":"2019-05-03T09:19:00","slug":"trois-finalistes-hauts-en-couleur-pour-la-10e-edition-du-prix-createurs-bcvs-9318","status":"publish","type":"post","link":"https:\/\/theark.ch\/fr\/news\/trois-finalistes-hauts-en-couleur-pour-la-10e-edition-du-prix-createurs-bcvs-9318\/","title":{"rendered":"Trois finalistes hauts en couleur pour la 10e \u00e9dition du Prix Cr\u00e9ateurs BCVs\u2009!"},"content":{"rendered":"<p><strong>Les trois finalistes de la 10e \u00e9dition du Prix Cr\u00e9ateurs BCVs sont connus. Il s\u2019agit de GaDia \u2013 qui commercialise un test de diagnostic pour les maladies infectieuses &#8211; de Modubois &#8211; qui cr\u00e9e des \u00e9l\u00e9ments modulables en bois pour la construction de b\u00e2timents &#8211; et Nivitec &#8211; qui d\u00e9veloppe un drone de d\u00e9tection de victimes d\u2019avalanche. Le jury a d\u00e9sign\u00e9 trois finalistes parmi 60 dossiers, second meilleur score depuis la cr\u00e9ation du prix. Les votes du public sont ouverts d\u00e8s maintenant afin de d\u00e9partager ces trois innovations valaisannes. La r\u00e9compense d\u2019une valeur de CHF 30&#39;000.- sera remise lors de la soir\u00e9e de gala du 6 juin \u00e0 Conthey.<\/strong><\/p>\n<p>Pour cette 10\u00e8me \u00e9dition, 60 dossiers ont \u00e9t\u00e9 d\u00e9pos\u00e9s pour le <a href=\"https:\/\/www.prixcreateurbcvs.ch\/fr\/\" target=\"_blank\" rel=\"noopener\">Prix Cr\u00e9ateurs BCVs<\/a>. Tourisme, industrie, technologies, artisanat et services\u2009: des entrepreneurs de tous les domaines d\u2019activit\u00e9s ont propos\u00e9 des id\u00e9es, mettant ainsi en lumi\u00e8re le potentiel de l\u2019\u00e9conomie valaisanne. Le jury, compos\u00e9 de repr\u00e9sentants du monde bancaire, institutionnel et \u00e9conomique, a choisi les trois finalistes sur la base de crit\u00e8res objectifs, ax\u00e9s sur le potentiel d\u2019innovation, la faisabilit\u00e9 technique ou l\u2019apport \u00e9conomique pour la r\u00e9gion. C\u2019est maintenant au public de voter, par SMS ou en ligne. Le projet qui aura r\u00e9colt\u00e9 le plus de voix recevra un prix de CHF 30&#39;000.-, dont CHF 10&#39;000.- en cash.<br \/>\n\u00a0<\/p>\n<p><strong>Trois finalistes issus de domaines vari\u00e9s<\/strong><br \/>\nLe premier finaliste est <strong>GaDia<\/strong>. Cette jeune entreprise en cr\u00e9ation, bas\u00e9e \u00e0 Monthey, a pour but d\u2019aider les professionnels de sant\u00e9 \u00e0 r\u00e9duire les infections associ\u00e9es aux soins de sant\u00e9 (ou maladies nosocomiales). Elle leur fournit un test de diagnostic pr\u00e9cis et pertinent. Celui-ci, effectu\u00e9 au lit du patient, est facile \u00e0 utiliser et fournit un r\u00e9sultat en 15 minutes \u00e0 peine. En interpr\u00e9tant des biomarqueurs pr\u00e9sents, il permet de r\u00e9duire la mortalit\u00e9 et \u00e9conomiser de l\u2019argent.<\/p>\n<p>Cr\u00e9\u00e9e en 2018 par des entrepreneurs valaisans, <strong><a href=\"https:\/\/modubois.ch\/\" target=\"_blank\" rel=\"noopener\">Modubois<\/a> <\/strong>est le second finaliste. Cette jeune entreprise cr\u00e9e des \u00e9l\u00e9ments pr\u00e9fabriqu\u00e9s en bois pour la construction de b\u00e2timents (h\u00f4tels, \u00e9coles, bureaux, appartements prot\u00e9g\u00e9s\u2026). Ces modules, enti\u00e8rement con\u00e7us en Valais, offrent une solution rentable par l\u2019optimisation du processus de construction, tout en donnant une importance particuli\u00e8re \u00e0 l\u2019aspect \u00e9cologique. Ce projet est le fruit d\u2019une r\u00e9union de comp\u00e9tences de sp\u00e9cialistes hautement qualifi\u00e9s.<br \/>\n\u00a0<br \/>\nLe troisi\u00e8me pr\u00e9tendant au Prix Cr\u00e9ateurs BCVs 2019 est port\u00e9 par la start-up valaisanne <strong><a href=\"https:\/\/nivitec.ch\/\" target=\"_blank\" rel=\"noopener\">Nivitec<\/a><\/strong>. Cette jeune entreprise d\u00e9veloppe un drone autonome de recherche de victimes d\u2019avalanches. Combinaison entre un drone professionnel et la technologie DVA, ce produit assure davantage de s\u00e9curit\u00e9 et de confiance pour les \u00e9quipes d&#39;intervention et une recherche plus rapide des victimes.<\/p>\n<p>\n<strong>Au public de trancher\u2009!<\/strong><br \/>\nDu 7 mai au 6 juin 2019, c\u2019est le public qui pourra d\u00e9signer le laur\u00e9at, en votant par SMS (GaDia = CREATEUR 1 \u2013 Modubois = CREATEUR 2 \u2013 Nivitec = CREATEUR 3, envoi par SMS au n\u00b0363, 20 ct par SMS) ou par internet (<a href=\"https:\/\/www.prixcreateurbcvs.ch\/fr\/\" target=\"_blank\" rel=\"noopener\">www.prixcreateursbcvs.ch<\/a>). Un vote par personne et par plateforme est possible.<\/p>\n<p>La remise du Prix Cr\u00e9ateurs BCVs aura lieu le jeudi 6 juin 2019. La c\u00e9r\u00e9monie se d\u00e9roulera \u00e0 la halle polyvalente de Conthey. Dixi\u00e8me \u00e9dition oblige, elle r\u00e9servera de nombreuses surprises, tout faisant la part belle aux projets finalistes. Une table ronde sur l\u2019innovation ainsi qu\u2019un spectacle-surprise viendront \u00e9gayer la soir\u00e9e.<\/p>\n<p>Le Prix Cr\u00e9ateurs BCVs est organis\u00e9 depuis 2007 par la <a href=\"https:\/\/www.bcvs.ch\/fr\/accueil.html\" target=\"_blank\" rel=\"noopener\">Banque Cantonale du Valais<\/a> et <a href=\"https:\/\/www.vs.ch\/web\/entreprises\" target=\"_blank\" rel=\"noopener\">Business Valais<\/a>, la promotion \u00e9conomique du canton du Valais. Les anciens laur\u00e9ats sont O\u2019Soleil, qui commercialisait des lingettes de protection solaire (2007), le bouchon Diesel (2009), la baie vitr\u00e9e \u00e0 mouvement vertical de Bitz et Savoye (2011), l\u2019atomiseur \u00e9lectrique de Valnature (2013), le plateau pour table d\u00e9velopp\u00e9 par Smart Solution (2014) l\u2019application mobile de fid\u00e9lisation Qards (2015), le tapis de jeu interactif d\u2019Adventures Lab et la collerette anti-goutte pour bouteilles de Col-Drops (2016), le drone pour traitements agricoles d\u2019AgroFly (2017) et le syst\u00e8me int\u00e9gr\u00e9 de gestion des stations de ski de Geosat (2018).<br \/>\n\u00a0<\/p>\n<p>Toutes les <strong>informations utiles<\/strong> pour le vote se trouvent sous\u2009:\u00a0<a href=\"https:\/\/www.prixcreateurbcvs.ch\/fr\/\" target=\"_blank\" rel=\"noopener\">www.prixcreateursbcvs.ch<\/a>.<\/p>\n<p>\n<strong>Source<\/strong> : communiqu\u00e9 de presse Prix Cr\u00e9ateurs 2019<\/p>\n<p>\u00a0<\/p>\n","protected":false},"excerpt":{"rendered":"<p>Les trois finalistes de la 10e \u00e9dition du Prix Cr\u00e9ateurs BCVs sont connus. Il s\u2019agit de GaDia \u2013 qui commercialise un test de diagnostic pour les maladies infectieuses &#8211; de Modubois &#8211; qui cr\u00e9e des \u00e9l\u00e9ments modulables en bois pour la construction de b\u00e2timents &#8211; et Nivitec &#8211; qui d\u00e9veloppe un drone de d\u00e9tection de [&hellip;]<\/p>\n","protected":false},"author":1,"featured_media":5723,"comment_status":"closed","ping_status":"closed","sticky":false,"template":"","format":"standard","meta":{"_acf_changed":false,"footnotes":""},"categories":[196],"tags":[],"class_list":["post-5722","post","type-post","status-publish","format-standard","has-post-thumbnail","hentry","category-mecanique"],"acf":[],"_links":{"self":[{"href":"https:\/\/theark.ch\/fr\/wp-json\/wp\/v2\/posts\/5722","targetHints":{"allow":["GET"]}}],"collection":[{"href":"https:\/\/theark.ch\/fr\/wp-json\/wp\/v2\/posts"}],"about":[{"href":"https:\/\/theark.ch\/fr\/wp-json\/wp\/v2\/types\/post"}],"author":[{"embeddable":true,"href":"https:\/\/theark.ch\/fr\/wp-json\/wp\/v2\/users\/1"}],"replies":[{"embeddable":true,"href":"https:\/\/theark.ch\/fr\/wp-json\/wp\/v2\/comments?post=5722"}],"version-history":[{"count":0,"href":"https:\/\/theark.ch\/fr\/wp-json\/wp\/v2\/posts\/5722\/revisions"}],"wp:featuredmedia":[{"embeddable":true,"href":"https:\/\/theark.ch\/fr\/wp-json\/wp\/v2\/media\/5723"}],"wp:attachment":[{"href":"https:\/\/theark.ch\/fr\/wp-json\/wp\/v2\/media?parent=5722"}],"wp:term":[{"taxonomy":"category","embeddable":true,"href":"https:\/\/theark.ch\/fr\/wp-json\/wp\/v2\/categories?post=5722"},{"taxonomy":"post_tag","embeddable":true,"href":"https:\/\/theark.ch\/fr\/wp-json\/wp\/v2\/tags?post=5722"}],"curies":[{"name":"wp","href":"https:\/\/api.w.org\/{rel}","templated":true}]}}