{"id":5754,"date":"2019-06-06T09:19:00","date_gmt":"2019-06-06T07:19:00","guid":{"rendered":"http:\/\/theark.ch\/modubois-remporte-le-10e-prix-createurs-bcvs-9374\/"},"modified":"2019-06-06T09:19:00","modified_gmt":"2019-06-06T07:19:00","slug":"modubois-remporte-le-10e-prix-createurs-bcvs-9374","status":"publish","type":"post","link":"https:\/\/theark.ch\/fr\/news\/modubois-remporte-le-10e-prix-createurs-bcvs-9374\/","title":{"rendered":"Modubois remporte le 10e Prix Cr\u00e9ateurs BCVs!"},"content":{"rendered":"<p><strong>L\u2019entreprise <a href=\"https:\/\/modubois.ch\" target=\"_blank\" rel=\"noopener\">Modubois<\/a>, qui d\u00e9veloppe des \u00e9l\u00e9ments pr\u00e9fabriqu\u00e9s en bois pour la construction de b\u00e2timents, a remport\u00e9 jeudi la 10e \u00e9dition du <a href=\"https:\/\/www.prixcreateursbcvs.ch\" target=\"_blank\" rel=\"noopener\">Prix Cr\u00e9ateurs BCVs<\/a>. Avec 54,6% des voix, la jeune soci\u00e9t\u00e9 valaisanne, qui regroupe un large spectre de comp\u00e9tences, a s\u00e9duit le public. Elle remporte le prix principal d\u2019une valeur de CHF 30&#39;000.-. Cette r\u00e9compense a \u00e9t\u00e9 remise au terme d\u2019une soir\u00e9e de gala organis\u00e9e \u00e0 la Halle polyvalente de Conthey. Plus de 600 personnes ont assist\u00e9 \u00e0 cette soir\u00e9e, qui a accueilli une table ronde sur l\u2019innovation et un show surprise du com\u00e9dien valaisan Jean-Louis Droz.<\/strong><\/p>\n<p>\nPas moins de 60 projets ont \u00e9t\u00e9 d\u00e9pos\u00e9s pour l\u2019\u00e9dition 2019 du Prix Cr\u00e9ateurs BCVs. Au final, et comme toutes les ann\u00e9es, c\u2019est le public qui a d\u00e9partag\u00e9 les trois finalistes GaDia (test de diagnostic des maladies nosocomiales), <a href=\"http:\/\/www.nivitec.ch\" target=\"_blank\" rel=\"noopener\">Nivitec<\/a> (drone de recherche de victimes d\u2019avalanches) et Modubois. A l\u2019issue de la soir\u00e9e de gala, Modubois s\u2019est vu offrir le troph\u00e9e du Prix Cr\u00e9ateurs BCVs, accompagn\u00e9 par CHF 10&#39;000.- en cash, des prestations de coaching (CHF 15&#39;000.-) ainsi qu\u2019un clip promotionnel (CHF 5&#39;000.-).<\/p>\n<p>\nModubois fond\u00e9e en novembre 2018, cr\u00e9e des modules pr\u00e9fabriqu\u00e9s en bois, principalement pour des logements collectifs (h\u00f4tels, EMS, \u00e9coles\u2026). Il s\u2019agit d\u2019une r\u00e9elle nouveaut\u00e9 pour le canton du Valais, et d\u2019une belle opportunit\u00e9 de valoriser le bois local et les PME qui travaillent dans ce domaine. Modubois est ainsi le fruit d&#39;une r\u00e9union de comp\u00e9tences (ing\u00e9nieurs, architectes, ma\u00eetre charpentier, commer\u00e7ants du bois et professionnels de la construction. Leur premier chantier, un h\u00f4tel dans le Val d\u2019H\u00e9rens, est en cours. Outre la visibilit\u00e9 apport\u00e9e, le gain du Prix Cr\u00e9ateurs BCVs permettra sans nul doute d\u2019acc\u00e9l\u00e9rer le d\u00e9veloppement de cette entreprise innovante. \u00a0<\/p>\n<p>\u00a0<\/p>\n<p><strong>Une table ronde et un spectacle sur mesure<\/strong><br \/>\nLa soir\u00e9e de remise du prix, anim\u00e9e par Manuella Maury, a permis de faire, gr\u00e2ce \u00e0 des capsules vid\u00e9o, une r\u00e9trospective des 10 derni\u00e8res \u00e9ditions du Prix. Une table ronde, intitul\u00e9e \u00ab Innovation &#8211; l\u2019affaire de tous \u00bb, a r\u00e9uni Christophe Darbellay (conseiller d\u2019Etat), Pascal Perruchoud (<a href=\"http:\/\/www.bcvs.ch\" target=\"_blank\" rel=\"noopener\">BCVs<\/a>), Aline Isoz (sp\u00e9cialiste en digitalisation), C\u00e9cile M\u00fcnch-Allign\u00e9 (<a href=\"http:\/\/www.hevs.ch\" target=\"_blank\" rel=\"noopener\">HES-SO Valais\/Wallis<\/a>) et Patrick Lathion (<a href=\"http:\/\/www.geosat.ch\" target=\"_blank\" rel=\"noopener\">Geosat<\/a>, gagnant 2018). Cette discussion, mod\u00e9r\u00e9e par Sandra Jean du <a href=\"http:\/\/www.nouvelliste.ch\" target=\"_blank\" rel=\"noopener\">Nouvelliste<\/a>, a pos\u00e9 quelques constats int\u00e9ressants sur l\u2019avenir du Valais. La soir\u00e9e s\u2019est termin\u00e9e par un show de l\u2019humoriste valaisan Jean-Louis Droz, qui s\u2019est gliss\u00e9, le temps du spectacle, dans la peau d\u2019un participant malchanceux au Prix Cr\u00e9ateurs BCVs.\u00a0 \u00a0<\/p>\n<p>\nOrganis\u00e9 depuis 2007 par la Banque Cantonale du Valais et <a href=\"http:\/\/www.business-valais.ch\" target=\"_blank\" rel=\"noopener\">Business Valais<\/a>, la promotion \u00e9conomique du Canton du Valais, le Prix Cr\u00e9ateurs BCVs a pour but de d\u00e9velopper l\u2019esprit d\u2019entreprise et la cr\u00e9ativit\u00e9 entrepreneuriale en Valais.<\/p>\n<p>\u00a0<\/p>\n<p><strong>Informations compl\u00e9mentaires<\/strong> : <a href=\"https:\/\/www.prixcreateursbcvs.ch\" target=\"_blank\" rel=\"noopener\">www.prixcreateursbcvs.ch<\/a><\/p>\n","protected":false},"excerpt":{"rendered":"<p>L\u2019entreprise Modubois, qui d\u00e9veloppe des \u00e9l\u00e9ments pr\u00e9fabriqu\u00e9s en bois pour la construction de b\u00e2timents, a remport\u00e9 jeudi la 10e \u00e9dition du Prix Cr\u00e9ateurs BCVs. Avec 54,6% des voix, la jeune soci\u00e9t\u00e9 valaisanne, qui regroupe un large spectre de comp\u00e9tences, a s\u00e9duit le public. Elle remporte le prix principal d\u2019une valeur de CHF 30&#39;000.-. Cette r\u00e9compense [&hellip;]<\/p>\n","protected":false},"author":1,"featured_media":5755,"comment_status":"closed","ping_status":"closed","sticky":false,"template":"","format":"standard","meta":{"_acf_changed":false,"footnotes":""},"categories":[186],"tags":[],"class_list":["post-5754","post","type-post","status-publish","format-standard","has-post-thumbnail","hentry","category-digital"],"acf":[],"_links":{"self":[{"href":"https:\/\/theark.ch\/fr\/wp-json\/wp\/v2\/posts\/5754","targetHints":{"allow":["GET"]}}],"collection":[{"href":"https:\/\/theark.ch\/fr\/wp-json\/wp\/v2\/posts"}],"about":[{"href":"https:\/\/theark.ch\/fr\/wp-json\/wp\/v2\/types\/post"}],"author":[{"embeddable":true,"href":"https:\/\/theark.ch\/fr\/wp-json\/wp\/v2\/users\/1"}],"replies":[{"embeddable":true,"href":"https:\/\/theark.ch\/fr\/wp-json\/wp\/v2\/comments?post=5754"}],"version-history":[{"count":0,"href":"https:\/\/theark.ch\/fr\/wp-json\/wp\/v2\/posts\/5754\/revisions"}],"wp:featuredmedia":[{"embeddable":true,"href":"https:\/\/theark.ch\/fr\/wp-json\/wp\/v2\/media\/5755"}],"wp:attachment":[{"href":"https:\/\/theark.ch\/fr\/wp-json\/wp\/v2\/media?parent=5754"}],"wp:term":[{"taxonomy":"category","embeddable":true,"href":"https:\/\/theark.ch\/fr\/wp-json\/wp\/v2\/categories?post=5754"},{"taxonomy":"post_tag","embeddable":true,"href":"https:\/\/theark.ch\/fr\/wp-json\/wp\/v2\/tags?post=5754"}],"curies":[{"name":"wp","href":"https:\/\/api.w.org\/{rel}","templated":true}]}}