{"id":5850,"date":"2019-08-27T11:04:00","date_gmt":"2019-08-27T09:04:00","guid":{"rendered":"http:\/\/theark.ch\/firmengrundung-intensivkurs-als-einstiegshilfe-9454\/"},"modified":"2019-08-27T11:04:00","modified_gmt":"2019-08-27T09:04:00","slug":"firmengrundung-intensivkurs-als-einstiegshilfe-9454","status":"publish","type":"post","link":"https:\/\/theark.ch\/fr\/news\/firmengrundung-intensivkurs-als-einstiegshilfe-9454\/","title":{"rendered":"Firmengr\u00fcndung: Intensivkurs als Einstiegshilfe"},"content":{"rendered":"<p><strong>Eine Gesch\u00e4ftsidee macht noch kein Unternehmen. Um k\u00fcnftigen Unternehmerinnen und Unternehmern den Schritt zur eigenen Firma zu erleichtern, organisiert die RWO Oberwallis AG (RWO AG) bereits zum sechsten Mal einen Intensivkurs.\u00a0<\/strong><\/p>\n<p>Wer sich beruflich selbst\u00e4ndig machen will, braucht eine geh\u00f6rige Portion Mut. Jungunternehmerinnen und -unternehmer stellen sich die unterschiedlichsten Fragen, etwa zum Potenzial der eigenen Gesch\u00e4ftsidee, zur Beschaffung des ben\u00f6tigten Kapitals oder zum Inhalt eines Businessplans. Seit 2016 unterst\u00fctzt sie die <a href=\"https:\/\/www.rw-oberwallis.ch\/\" target=\"_blank\" rel=\"noopener\">RWO AG<\/a> in Zusammenarbeit mit dem St. Galler Institut f\u00fcr Jungunternehmen (IFJ) dabei, Antworten auf ihre Fragen zu finden. Das IFJ hat in seiner 30-j\u00e4hrigen T\u00e4tigkeit bereits \u00fcber 125 000 Menschen auf ihrem Weg in die Selbst\u00e4ndigkeit begleitet.<\/p>\n<p>\u00abWir haben von bisherigen Teilnehmenden viele positive R\u00fcckmeldungen erhalten\u00bb, wird Ivo Nanzer, stellvertretender Gesch\u00e4ftsleiter der RWO AG, in einer Mitteilung zum Kurs zitiert. \u00abSie profitieren direkt von den Erfahrungen eines Startup-Experten.\u00bb Die Veranstaltung dauert drei Stunden und behandelt organisatorische, finanzielle und rechtliche Aspekte. Sie liefert Praxistipps, wie man sicher und schnell eine Firma gr\u00fcndet, die Gr\u00fcndungskosten reduzieren kann oder welche Fehler man vermeiden sollte.\u00a0<\/p>\n<p>F\u00fcr eine Kursteilnahme ist idealerweise bereits eine Gesch\u00e4ftsidee vorhanden oder es besteht die Absicht, innerhalb der n\u00e4chsten Monate eine eigene Firma zu gr\u00fcnden. Der n\u00e4chste Kurs geht am Donnerstag, 12. September 2019 von 17 bis 20 Uhr im Alfred-Gr\u00fcnwald-Saal in Brig-Glis \u00fcber die B\u00fchne. Die Teilnahme ist kostenlos.<br \/>\n\u00a0<\/p>\n<p><strong>Anmeldungen<\/strong> sind m\u00f6glich unter: <a href=\"https:\/\/www.rw-oberwallis.ch\/firmengruendung\" target=\"_blank\" rel=\"noopener\">www.rw-oberwallis.ch\/firmengruendung<\/a>.<\/p>\n<p>\u00a0<\/p>\n","protected":false},"excerpt":{"rendered":"<p>Eine Gesch\u00e4ftsidee macht noch kein Unternehmen. Um k\u00fcnftigen Unternehmerinnen und Unternehmern den Schritt zur eigenen Firma zu erleichtern, organisiert die RWO Oberwallis AG (RWO AG) bereits zum sechsten Mal einen Intensivkurs.\u00a0 Wer sich beruflich selbst\u00e4ndig machen will, braucht eine geh\u00f6rige Portion Mut. Jungunternehmerinnen und -unternehmer stellen sich die unterschiedlichsten Fragen, etwa zum Potenzial der eigenen [&hellip;]<\/p>\n","protected":false},"author":1,"featured_media":5851,"comment_status":"closed","ping_status":"closed","sticky":false,"template":"","format":"standard","meta":{"_acf_changed":false,"footnotes":""},"categories":[186],"tags":[],"class_list":["post-5850","post","type-post","status-publish","format-standard","has-post-thumbnail","hentry","category-digital"],"acf":[],"_links":{"self":[{"href":"https:\/\/theark.ch\/fr\/wp-json\/wp\/v2\/posts\/5850","targetHints":{"allow":["GET"]}}],"collection":[{"href":"https:\/\/theark.ch\/fr\/wp-json\/wp\/v2\/posts"}],"about":[{"href":"https:\/\/theark.ch\/fr\/wp-json\/wp\/v2\/types\/post"}],"author":[{"embeddable":true,"href":"https:\/\/theark.ch\/fr\/wp-json\/wp\/v2\/users\/1"}],"replies":[{"embeddable":true,"href":"https:\/\/theark.ch\/fr\/wp-json\/wp\/v2\/comments?post=5850"}],"version-history":[{"count":0,"href":"https:\/\/theark.ch\/fr\/wp-json\/wp\/v2\/posts\/5850\/revisions"}],"wp:featuredmedia":[{"embeddable":true,"href":"https:\/\/theark.ch\/fr\/wp-json\/wp\/v2\/media\/5851"}],"wp:attachment":[{"href":"https:\/\/theark.ch\/fr\/wp-json\/wp\/v2\/media?parent=5850"}],"wp:term":[{"taxonomy":"category","embeddable":true,"href":"https:\/\/theark.ch\/fr\/wp-json\/wp\/v2\/categories?post=5850"},{"taxonomy":"post_tag","embeddable":true,"href":"https:\/\/theark.ch\/fr\/wp-json\/wp\/v2\/tags?post=5850"}],"curies":[{"name":"wp","href":"https:\/\/api.w.org\/{rel}","templated":true}]}}