{"id":5877,"date":"2019-09-04T13:58:00","date_gmt":"2019-09-04T11:58:00","guid":{"rendered":"http:\/\/theark.ch\/ovnis-histoires-dentrepreneurs-atypiques-9458\/"},"modified":"2019-09-04T13:58:00","modified_gmt":"2019-09-04T11:58:00","slug":"ovnis-histoires-dentrepreneurs-atypiques-9458","status":"publish","type":"post","link":"https:\/\/theark.ch\/fr\/news\/ovnis-histoires-dentrepreneurs-atypiques-9458\/","title":{"rendered":"OVNIS : Histoires d\u2019entrepreneurs atypiques"},"content":{"rendered":"<p><strong>A l\u2019occasion du Rendez-Vous de l\u2019Inspiration de la Foire du Valais, une s\u00e9rie de conf\u00e9rences est organis\u00e9e par JIYU et Loyco. Le temps d\u2019une matin\u00e9e, partez \u00e0 la rencontre des ovnis de l\u2019entrepreneuriat, ces personnalit\u00e9s qui ont su concevoir, valider et r\u00e9aliser avec succ\u00e8s des id\u00e9es folles, parfois contre-intuitives voir compl\u00e8tement irrationnelles !<\/strong><\/p>\n<p>Ils ont essay\u00e9, appris, parfois improvis\u00e9 et surtout beaucoup innov\u00e9 pour convaincre et vendre leur projet. Le 27 septembre prochain, des entrepreneurs de diff\u00e9rents horizons partageront avec vous les secrets de leurs succ\u00e8s, leurs exp\u00e9riences et les outils concrets qu\u2019ils utilisent pour lancer leurs id\u00e9es. Une excellente mani\u00e8re de vous permettre, \u00e0 vous aussi, de r\u00e9aliser les v\u00f4tres !<\/p>\n<p>La <a href=\"http:\/\/theark.ch\/\" target=\"_blank\" rel=\"noopener\">Fondation The Ark<\/a> est partenaire de cet \u00e9v\u00e8nement. Parmi les intervenants, Rapha\u00ebl H\u00e9ra\u00efef s\u2019attardera sur son projet Vima Link, une jeune pousse qui a \u00e9t\u00e9 soutenue par The Ark. Vous trouverez de nombreuses informations sur les orateurs et le programme <a href=\"https:\/\/jiyu.ch\/foire-du-valais\/\" target=\"_blank\" rel=\"noopener\">ici<\/a>.\u00a0A noter que les conf\u00e9rences seront suivies d\u2019un ap\u00e9ritif !<\/p>\n<p>Le prix de la manifestation s\u2019\u00e9l\u00e8ve \u00e0 15 francs et comprend l\u2019entr\u00e9e \u00e0 la Foire du Valais. Les inscriptions se font en suivant <a href=\"https:\/\/www.foireduvalais.ch\/fr\/edition-2019\/rendez-vous\/241\/le-rendez-vous-de-l-inspariation#rdv-ticketing\" target=\"_blank\" rel=\"noopener\">ce lien<\/a>.<br \/>\n\u00a0<\/p>\n<p><strong>Pssst : rendez-vous sur notre <a href=\"https:\/\/www.facebook.com\/thearkvalais\/\" target=\"_blank\" rel=\"noopener\">page Facebook<\/a> pour participer au concours et tentez de remporter 3&#215;2 billets pour l\u2019\u00e9v\u00e8nement !<\/strong><\/p>\n<p>\n\u00a0<\/p>\n","protected":false},"excerpt":{"rendered":"<p>A l\u2019occasion du Rendez-Vous de l\u2019Inspiration de la Foire du Valais, une s\u00e9rie de conf\u00e9rences est organis\u00e9e par JIYU et Loyco. Le temps d\u2019une matin\u00e9e, partez \u00e0 la rencontre des ovnis de l\u2019entrepreneuriat, ces personnalit\u00e9s qui ont su concevoir, valider et r\u00e9aliser avec succ\u00e8s des id\u00e9es folles, parfois contre-intuitives voir compl\u00e8tement irrationnelles ! Ils ont [&hellip;]<\/p>\n","protected":false},"author":1,"featured_media":5879,"comment_status":"closed","ping_status":"closed","sticky":false,"template":"","format":"standard","meta":{"_acf_changed":false,"footnotes":""},"categories":[186],"tags":[],"class_list":["post-5877","post","type-post","status-publish","format-standard","has-post-thumbnail","hentry","category-digital"],"acf":[],"_links":{"self":[{"href":"https:\/\/theark.ch\/fr\/wp-json\/wp\/v2\/posts\/5877","targetHints":{"allow":["GET"]}}],"collection":[{"href":"https:\/\/theark.ch\/fr\/wp-json\/wp\/v2\/posts"}],"about":[{"href":"https:\/\/theark.ch\/fr\/wp-json\/wp\/v2\/types\/post"}],"author":[{"embeddable":true,"href":"https:\/\/theark.ch\/fr\/wp-json\/wp\/v2\/users\/1"}],"replies":[{"embeddable":true,"href":"https:\/\/theark.ch\/fr\/wp-json\/wp\/v2\/comments?post=5877"}],"version-history":[{"count":0,"href":"https:\/\/theark.ch\/fr\/wp-json\/wp\/v2\/posts\/5877\/revisions"}],"wp:featuredmedia":[{"embeddable":true,"href":"https:\/\/theark.ch\/fr\/wp-json\/wp\/v2\/media\/5879"}],"wp:attachment":[{"href":"https:\/\/theark.ch\/fr\/wp-json\/wp\/v2\/media?parent=5877"}],"wp:term":[{"taxonomy":"category","embeddable":true,"href":"https:\/\/theark.ch\/fr\/wp-json\/wp\/v2\/categories?post=5877"},{"taxonomy":"post_tag","embeddable":true,"href":"https:\/\/theark.ch\/fr\/wp-json\/wp\/v2\/tags?post=5877"}],"curies":[{"name":"wp","href":"https:\/\/api.w.org\/{rel}","templated":true}]}}