{"id":6141,"date":"2020-01-20T12:10:00","date_gmt":"2020-01-20T11:10:00","guid":{"rendered":"http:\/\/theark.ch\/le-prix-createurs-bcvs-prend-de-lampleur-deux-laureats-et-cinq-finalistes-10033\/"},"modified":"2020-01-20T12:10:00","modified_gmt":"2020-01-20T10:10:00","slug":"le-prix-createurs-bcvs-prend-de-lampleur-deux-laureats-et-cinq-finalistes-10033","status":"publish","type":"post","link":"https:\/\/theark.ch\/fr\/news\/le-prix-createurs-bcvs-prend-de-lampleur-deux-laureats-et-cinq-finalistes-10033\/","title":{"rendered":"Le Prix Cr\u00e9ateurs BCVs prend de l\u2019ampleur: deux laur\u00e9ats et cinq finalistes !"},"content":{"rendered":"<p><strong>Pour sa 11e \u00e9dition, le Prix Cr\u00e9ateurs BCVs innove et prend de l\u2019ampleur : deux laur\u00e9ats (au lieu d\u2019un seul) seront r\u00e9compens\u00e9s lors de la remise des prix de l\u2019\u00e9dition 2020, le 9 juin au CERM de Martigny. Autre nouveaut\u00e9 : le nombre de finalistes passera de trois \u00e0 cinq. Le but est de donner davantage de visibilit\u00e9 aux nombreux projets innovants qui postuleront au Prix. Ce dernier a pour vocation de promouvoir et r\u00e9compenser les projets d\u00e9velopp\u00e9s par les particuliers, les PME et les start-up. Le vainqueur du Prix Cr\u00e9ateurs BCVs repartira avec CHF 10&#39;000.- en cash et CHF 15&#39;000.- en coaching. Le laur\u00e9at du nouveau \u00ab Coup de c\u0153ur des anciens finalistes \u00bb repartira quant \u00e0 lui avec CHF 5&#39;000.- en cash. \u00a0Le d\u00e9lai de d\u00e9p\u00f4t des candidatures est fix\u00e9 au 16 mars prochain.\u00a0<\/strong><\/p>\n<p>\nLanc\u00e9 en 2007, le <a href=\"https:\/\/www.prixcreateurbcvs.ch\/fr\/\" target=\"_blank\" rel=\"noopener\">Prix Cr\u00e9ateurs BCVs<\/a> maintient, au gr\u00e9 des ann\u00e9es, son objectif premier: \u00a0r\u00e9compenser des projets novateurs, quels que soient les domaines d\u2019activit\u00e9. Afin de donner davantage de visibilit\u00e9 aux candidats (60 lors de la derni\u00e8re \u00e9dition), cinq finalistes seront d\u00e9sign\u00e9s par le Jury du prix, au lieu de trois par le pass\u00e9. Ces cinq projets b\u00e9n\u00e9ficieront d\u2019un large \u00e9cho dans les m\u00e9dias valaisans, partenaires de la manifestation.\u00a0<\/p>\n<p>La seconde nouveaut\u00e9 de l\u2019\u00e9dition 2020 est l\u2019attribution d\u2019un prix de CHF 5&#39;000.- \u00e0 l\u2019un des cinq finalistes. Ce prix sera octroy\u00e9 par le Club des anciens finalistes du Prix Cr\u00e9ateurs BCVs, qui vient d\u2019\u00eatre constitu\u00e9. Les anciens finalistes d\u00e9signeront le gagnant au terme d\u2019un vote organis\u00e9 avant la soir\u00e9e de remise du Prix.<\/p>\n<p>\n<strong>Candidatures attendues avant le 16 mars<\/strong><br \/>\nLa participation est ouverte aux projets port\u00e9s par des individus ou des soci\u00e9t\u00e9s du Valais et dont la mise en \u0153uvre est pr\u00e9vue dans l\u2019ann\u00e9e qui suit. Les entreprises existantes peuvent \u00e9galement concourir, pour autant qu\u2019elles proposent une nouvelle id\u00e9e de produit ou service. Les projets doivent \u00eatre avant tout innovants et cr\u00e9atifs\u2009!<\/p>\n<p>Les conditions de participation et le r\u00e8glement du concours sont t\u00e9l\u00e9chargeables d\u00e8s maintenant sur <a href=\"https:\/\/www.prixcreateurbcvs.ch\/fr\/page_simple\/candidature-36\" target=\"_blank\" rel=\"noopener\">www.prixcreateursbcvs.ch<\/a>. Les dossiers de candidature sont \u00e0 renvoyer \u00e0 Business Valais d\u2019ici le <strong>16 mars 2020<\/strong>. Un jury, compos\u00e9 de repr\u00e9sentants du monde bancaire et \u00e9conomique, d\u00e9signera les cinq finalistes. Le public, via un vote SMS ou internet, les d\u00e9partagera. La remise des prix aura lieu le mardi 9 juin 2020 au CERM de Martigny, \u00e0 l\u2019occasion d\u2019une soir\u00e9e festive et anim\u00e9e, et en pr\u00e9sence d\u2019un conf\u00e9rencier de renom.<\/p>\n<p>La <a href=\"https:\/\/www.bcvs.ch\/fr\/accueil.html\" target=\"_blank\" rel=\"noopener\">Banque Cantonale du Valais<\/a> est partenaire et initiatrice du Prix Cr\u00e9ateurs BCVs. De par sa place pr\u00e9pond\u00e9rante dans l\u2019\u00e9conomie valaisanne, elle joue un r\u00f4le moteur dans le partenariat avec les entreprises et ses cr\u00e9ateurs. <a href=\"https:\/\/www.vs.ch\/web\/entreprises\" target=\"_blank\" rel=\"noopener\">Business Valais<\/a> est l\u2019entit\u00e9 de promotion \u00e9conomique du canton du Valais au service de l\u2019entrepreneuriat. Partenaire incontournable de l\u2019\u00e9conomie valaisanne, notamment dans le domaine de la cr\u00e9ation de nouvelles entreprises, il co-organise le prix.<\/p>\n<p>\u00a0<\/p>\n","protected":false},"excerpt":{"rendered":"<p>Pour sa 11e \u00e9dition, le Prix Cr\u00e9ateurs BCVs innove et prend de l\u2019ampleur : deux laur\u00e9ats (au lieu d\u2019un seul) seront r\u00e9compens\u00e9s lors de la remise des prix de l\u2019\u00e9dition 2020, le 9 juin au CERM de Martigny. Autre nouveaut\u00e9 : le nombre de finalistes passera de trois \u00e0 cinq. Le but est de donner [&hellip;]<\/p>\n","protected":false},"author":1,"featured_media":6142,"comment_status":"closed","ping_status":"closed","sticky":false,"template":"","format":"standard","meta":{"_acf_changed":false,"footnotes":""},"categories":[186],"tags":[],"class_list":["post-6141","post","type-post","status-publish","format-standard","has-post-thumbnail","hentry","category-digital"],"acf":[],"_links":{"self":[{"href":"https:\/\/theark.ch\/fr\/wp-json\/wp\/v2\/posts\/6141","targetHints":{"allow":["GET"]}}],"collection":[{"href":"https:\/\/theark.ch\/fr\/wp-json\/wp\/v2\/posts"}],"about":[{"href":"https:\/\/theark.ch\/fr\/wp-json\/wp\/v2\/types\/post"}],"author":[{"embeddable":true,"href":"https:\/\/theark.ch\/fr\/wp-json\/wp\/v2\/users\/1"}],"replies":[{"embeddable":true,"href":"https:\/\/theark.ch\/fr\/wp-json\/wp\/v2\/comments?post=6141"}],"version-history":[{"count":0,"href":"https:\/\/theark.ch\/fr\/wp-json\/wp\/v2\/posts\/6141\/revisions"}],"wp:featuredmedia":[{"embeddable":true,"href":"https:\/\/theark.ch\/fr\/wp-json\/wp\/v2\/media\/6142"}],"wp:attachment":[{"href":"https:\/\/theark.ch\/fr\/wp-json\/wp\/v2\/media?parent=6141"}],"wp:term":[{"taxonomy":"category","embeddable":true,"href":"https:\/\/theark.ch\/fr\/wp-json\/wp\/v2\/categories?post=6141"},{"taxonomy":"post_tag","embeddable":true,"href":"https:\/\/theark.ch\/fr\/wp-json\/wp\/v2\/tags?post=6141"}],"curies":[{"name":"wp","href":"https:\/\/api.w.org\/{rel}","templated":true}]}}