{"id":6149,"date":"2020-01-23T17:53:00","date_gmt":"2020-01-23T16:53:00","guid":{"rendered":"http:\/\/theark.ch\/martigny-une-nouvelle-oasis-entrepreneuriale-ouvre-ses-portes-a-ideark-10037\/"},"modified":"2020-01-23T17:53:00","modified_gmt":"2020-01-23T15:53:00","slug":"martigny-une-nouvelle-oasis-entrepreneuriale-ouvre-ses-portes-a-ideark-10037","status":"publish","type":"post","link":"https:\/\/theark.ch\/fr\/news\/martigny-une-nouvelle-oasis-entrepreneuriale-ouvre-ses-portes-a-ideark-10037\/","title":{"rendered":"Martigny\u2009: une nouvelle oasis entrepreneuriale ouvre ses portes \u00e0 IdeArk"},"content":{"rendered":"<p><strong>L\u2019Oasis\u2009: c\u2019est le nom donn\u00e9 au nouvel espace de travail du site technologique IdeArk de Martigny. Il vient d\u2019ouvrir ses portes, \u00e0 quelques encablures de l\u2019institut de recherche Idiap. Ce lieu est une plateforme id\u00e9ale pour innover, collaborer et entreprendre. Des bureaux fixes ainsi qu\u2019une quarantaine de places de travail en co-working sont d\u00e9sormais \u00e0 disposition. De quoi booster les innovations dans la cit\u00e9 du coude du Rh\u00f4ne. \u00a0<\/strong><\/p>\n<p>L\u2019<a href=\"https:\/\/www.ideark.ch\/fr\/\" target=\"_blank\" rel=\"noopener\">IdeArk<\/a> est un des sites technologies de la <a href=\"http:\/\/theark.ch\/\" target=\"_blank\" rel=\"noopener\">Fondation The Ark<\/a>. Jusqu\u2019\u00e0 pr\u00e9sent, les start-up et PME \u00e9taient h\u00e9berg\u00e9es dans le b\u00e2timent de l\u2019H\u00f4tel Vatel, l\u00e0 o\u00f9 se trouvent \u00e9galement les bureaux de l\u2019institut Idiap. Avec le d\u00e9veloppement du site et les nombreuses soci\u00e9t\u00e9s qui se sont cr\u00e9\u00e9es ou ont voulu se rapprocher de l\u2019Idiap, le b\u00e2timent a rapidement affich\u00e9 complet. L\u2019ouverture de l\u2019Oasis, situ\u00e9e juste en face de l\u2019H\u00f4tel Vatel, permet de combler un manque. \u00a0<\/p>\n<p>\n<strong>Jusqu\u2019\u00e0 86 places de travail\u00a0<\/strong><br \/>\nLes nouveaux locaux s\u2019\u00e9tendent sur 800m2. \u00ab\u2009Ils sont compos\u00e9s de huit bureaux fixes et ferm\u00e9s, d&#39;espace de coworking (nomades et fixes), d&#39;espaces de discussion, de douches, d&#39;une cuisine et caf\u00e9t\u00e9ria et m\u00eame d\u2019un baby-foot\u2009\u00bb, pr\u00e9cise Fran\u00e7ois Foglia, responsable de l\u2019IdeArk et directeur adjoint de l\u2019institut Idiap. L\u2019Oasis peut ainsi accueillir jusqu\u2019\u00e0 86 places de travail. En plus des \u00e9quipements mentionn\u00e9s ci-dessus, le site offre une connexion Internet \u00e0 haut d\u00e9bit (filaire ou wifi), un copieur et des places de parc. A noter que toutes les entreprises de ce nouvel espace ont acc\u00e8s aux cinq salles de conf\u00e9rence de l&#39;Idiap (de 6 \u00e0 80 places).\u00a0<\/p>\n<p>Les locaux sont destin\u00e9s principalement \u00e0 des soci\u00e9t\u00e9s technologiques dont les activit\u00e9s sont en lien avec les recherches d\u00e9velopp\u00e9es \u00e0 l&#39;Institut de Recherche Idiap. \u00ab\u2009Toutefois, la volont\u00e9 d&#39;IdeArk est de cr\u00e9er un \u00e9cosyst\u00e8me favorisant la cr\u00e9ation et le d\u00e9veloppement d&#39;entreprises en accueillant \u00e9galement des comp\u00e9tences compl\u00e9mentaires \u00e0 celles de l&#39;informatique, telles qu&#39;un architecte de la communaut\u00e9 digitale ou une graphiste, par exemple\u2009\u00bb, note Fran\u00e7ois Foglia.\u00a0<\/p>\n<p>\n<strong>A un tiers rempli\u00a0<\/strong><br \/>\nL\u2019acc\u00e8s aux bureaux de l\u2019Oasis se fait sans cl\u00e9. \u00ab\u2009Une application mobile, install\u00e9e sur le t\u00e9l\u00e9phone portable des locataires, permet d\u2019ouvrir les portes\u2009\u00bb, d\u00e9taille Fran\u00e7ois Foglia. En outre, une plateforme web est mise \u00e0 disposition des utilisateurs dans le but d&#39;engager la communaut\u00e9 \u00e0 \u00e9changer, communiquer, partager. Ces efforts digitaux sont compl\u00e9t\u00e9s par les \u00e9v\u00e8nements organis\u00e9s sur place par la Fondation The Ark, comme les InnoVibes. \u00a0<\/p>\n<p>L\u2019Oasis a ouvert ses portes le 2 janvier dernier, la communaut\u00e9 est d\u00e9j\u00e0 bien fournie puisque les entreprises Eyeware, Creative technologies, Igenius, Netvetic, Vtuls, NxSights, Swiss Global Communications, Smart City Swiss, Save NRJ, Gaiasens et Energy Power S\u00e0rl y travaillent d\u00e9j\u00e0. Mais que les futurs locataires se rassurent\u2009: l&#39;espace n\u2019est rempli qu\u2019\u00e0 hauteur d\u2019un tiers. \u00a0<\/p>\n<p>Pour toute demande de location ou de visite, contactez Fran\u00e7ois Foglia (info@ideark.ch<\/a>) \u00a0<\/p>\n<p>\u00a0<\/p>\n","protected":false},"excerpt":{"rendered":"<p>L\u2019Oasis\u2009: c\u2019est le nom donn\u00e9 au nouvel espace de travail du site technologique IdeArk de Martigny. Il vient d\u2019ouvrir ses portes, \u00e0 quelques encablures de l\u2019institut de recherche Idiap. Ce lieu est une plateforme id\u00e9ale pour innover, collaborer et entreprendre. Des bureaux fixes ainsi qu\u2019une quarantaine de places de travail en co-working sont d\u00e9sormais \u00e0 [&hellip;]<\/p>\n","protected":false},"author":1,"featured_media":6150,"comment_status":"closed","ping_status":"closed","sticky":false,"template":"","format":"standard","meta":{"_acf_changed":false,"footnotes":""},"categories":[186],"tags":[],"class_list":["post-6149","post","type-post","status-publish","format-standard","has-post-thumbnail","hentry","category-digital"],"acf":[],"_links":{"self":[{"href":"https:\/\/theark.ch\/fr\/wp-json\/wp\/v2\/posts\/6149","targetHints":{"allow":["GET"]}}],"collection":[{"href":"https:\/\/theark.ch\/fr\/wp-json\/wp\/v2\/posts"}],"about":[{"href":"https:\/\/theark.ch\/fr\/wp-json\/wp\/v2\/types\/post"}],"author":[{"embeddable":true,"href":"https:\/\/theark.ch\/fr\/wp-json\/wp\/v2\/users\/1"}],"replies":[{"embeddable":true,"href":"https:\/\/theark.ch\/fr\/wp-json\/wp\/v2\/comments?post=6149"}],"version-history":[{"count":0,"href":"https:\/\/theark.ch\/fr\/wp-json\/wp\/v2\/posts\/6149\/revisions"}],"wp:featuredmedia":[{"embeddable":true,"href":"https:\/\/theark.ch\/fr\/wp-json\/wp\/v2\/media\/6150"}],"wp:attachment":[{"href":"https:\/\/theark.ch\/fr\/wp-json\/wp\/v2\/media?parent=6149"}],"wp:term":[{"taxonomy":"category","embeddable":true,"href":"https:\/\/theark.ch\/fr\/wp-json\/wp\/v2\/categories?post=6149"},{"taxonomy":"post_tag","embeddable":true,"href":"https:\/\/theark.ch\/fr\/wp-json\/wp\/v2\/tags?post=6149"}],"curies":[{"name":"wp","href":"https:\/\/api.w.org\/{rel}","templated":true}]}}