{"id":6171,"date":"2020-02-10T11:42:00","date_gmt":"2020-02-10T10:42:00","guid":{"rendered":"http:\/\/theark.ch\/trucs-et-astuces-pour-une-presence-reussie-sur-linkedin-10083\/"},"modified":"2020-02-10T11:42:00","modified_gmt":"2020-02-10T09:42:00","slug":"trucs-et-astuces-pour-une-presence-reussie-sur-linkedin-10083","status":"publish","type":"post","link":"https:\/\/theark.ch\/fr\/news\/trucs-et-astuces-pour-une-presence-reussie-sur-linkedin-10083\/","title":{"rendered":"Trucs et astuces pour une pr\u00e9sence r\u00e9ussie sur LinkedIn\u202f!"},"content":{"rendered":"<p><strong>Le 5 d\u00e9cembre dernier, \u00e0 l\u2019occasion de la conf\u00e9rence <a href=\"https:\/\/www.innovibes.ch\/fr\/accueil\/\" target=\"_blank\" rel=\"noopener\">InnoVibes<\/a> \u00e0 IdeArk, la <a href=\"http:\/\/theark.ch\/\" target=\"_blank\" rel=\"noopener\">Fondation The Ark<\/a> a eu la chance d\u2019accueillir Sarah Santacroce, sp\u00e9cialiste de LinkedIn en Suisse romande. Pr\u00e8s de 100 personnes ont fait le d\u00e9placement pour en apprendre davantage sur ce r\u00e9seau social et les possibilit\u00e9s de d\u00e9veloppement d\u2019affaires. A la fin de son intervention, les participants \u00e9taient nombreux \u00e0 interroger l\u2019oratrice. D\u00e9couvrez, sous forme de questions\/r\u00e9ponses, ses conseils pour une utilisation optimale du r\u00e9seau LinkedIn\u202f!\u00a0<\/strong><\/p>\n<p>\n<em>Si on re\u00e7oit une invitation qu\u2019on ne conna\u00eet pas et sans message personnalis\u00e9, que faire\u202f?\u202f\u00a0<\/em><br \/>\nSarah Santacroce\u202f: Il s\u2019agit de regarder si la personne peut vous \u00eatre utile un jour ou l\u2019autre, ou si vous vous pourriz lui \u00eatre utile. La d\u00e9cision d\u2019accepter ou non vous appartient\u202f!\u00a0<\/p>\n<p>\n<em>Quel est votre avis sur les recommandations sur LinkedIn\u202f?\u00a0<\/em><br \/>\nSarah Santacroce\u202f: Ca vaut la peine d\u2019en avoir. En Suisse, nous ne sommes pas un \u00ab\u202fpays \u00e0 recommandations\u202f\u00bb. C\u2019est difficile d\u2019en demander et d\u2019en recevoir. Cependant, rien ne vous emp\u00eache de dire \u00e0 une personne ce que vous aimeriez qu\u2019elle\u00a0mette dans la recommandation, de pr\u00e9ciser de quels projets vous voudriez qu\u2019elle\u00a0parle, etc. N\u2019h\u00e9sitez pas \u00e0 aider l\u2019autre personne dans le processus\u202f!\u00a0<\/p>\n<p>\n<em>Le r\u00e9seau professionnel Xing\u202fest passablement utilis\u00e9 en Suisse allemande. Faut-il \u00eatre sur les deux\u202f?\u00a0<\/em><br \/>\nSarah Santacroce\u202f: Xing est un r\u00e9seau pour la recherche de travail, utilis\u00e9 sp\u00e9cialement en Suisse allemande. G\u00e9n\u00e9ralement, les personnes qui disposent d\u2019un profil sur Xing sont \u00e9galement sur LinkedIn. Il vaut mieux s\u2019investir davantage sur LinkedIn. A noter qu\u2019en Asie, Xing est passablement utilis\u00e9\u202f!\u00a0<\/p>\n<p>\n<em>Dans quelle langue\u202ffaut-il publier du contenu\u202f?\u00a0<\/em><br \/>\nSarah Santacroce\u202f: Je pr\u00e9conise de communiquer dans une seule langue par post et d\u2019alterner les publications en fran\u00e7ais et allemand. Votre profil\u202fdoit \u00eatre \u00e9crit dans la langue de votre client id\u00e9al. Si celui-ci peut \u00eatre francophone comme germanophone, \u00e0 vous d\u2019avoir un profil dans chaque langue. Il est en effet possible d\u2019ajouter son profil dans une autre langue, tout comme votre page entreprise.\u00a0<\/p>\n<p>\n<em>Faut-il utiliser LinkedIn comme un blog\u202f?\u00a0<\/em><br \/>\nBien qu\u2019il soit possible de publier des articles sur LinkedIn, leur visibilit\u00e9 n\u2019est pas optimale puisque des milliers d\u2019articles sont publi\u00e9s chaque heure. Sur LinkedIn, les articles doivent \u00eatre utilis\u00e9s comme votre biblioth\u00e8que de r\u00e9f\u00e9rence, puisqu\u2019ils restent affich\u00e9s sur votre profil. Sachez que sur LinkedIn, les articles ne peuvent pas \u00eatre boost\u00e9s, c\u2019est seulement les posts que vous pouvez promouvoir avec un boost\u202fpayant !\u00a0<\/p>\n<p>\nRetrouvez les points cl\u00e9s de l\u2019intervention de Sarah Santacroce dans la vid\u00e9o ci-dessous\u202f!\u00a0<\/p>\n<p style=\"text-align: center;\"><iframe loading=\"lazy\" allow=\"autoplay; encrypted-media\" allowfullscreen=\"\" frameborder=\"0\" height=\"315\" src=\"https:\/\/www.youtube.com\/embed\/bwEl9K4vdRQ\" width=\"560\"><\/iframe><\/p>\n<p>A noter que la prochaine InnoVibes aura lieu ce vendredi ! N\u2019h\u00e9sitez pas \u00e0 vous y inscrire en suivant <a href=\"https:\/\/www.innovibes.ch\/fr\/events\/?id=5977\" target=\"_blank\" rel=\"noopener\">ce lien<\/a>.<\/p>\n<p>\u00a0<\/p>\n<p><em>Propos recueillis le 6 d\u00e9cembre \u00e0 l\u2019IdeArk (Martigny)\u00a0<\/em><\/p>\n<p>\u00a0<\/p>\n<p>\u00a0<\/p>\n","protected":false},"excerpt":{"rendered":"<p>Le 5 d\u00e9cembre dernier, \u00e0 l\u2019occasion de la conf\u00e9rence InnoVibes \u00e0 IdeArk, la Fondation The Ark a eu la chance d\u2019accueillir Sarah Santacroce, sp\u00e9cialiste de LinkedIn en Suisse romande. Pr\u00e8s de 100 personnes ont fait le d\u00e9placement pour en apprendre davantage sur ce r\u00e9seau social et les possibilit\u00e9s de d\u00e9veloppement d\u2019affaires. A la fin de [&hellip;]<\/p>\n","protected":false},"author":1,"featured_media":6172,"comment_status":"closed","ping_status":"closed","sticky":false,"template":"","format":"standard","meta":{"_acf_changed":false,"footnotes":""},"categories":[186],"tags":[],"class_list":["post-6171","post","type-post","status-publish","format-standard","has-post-thumbnail","hentry","category-digital"],"acf":[],"_links":{"self":[{"href":"https:\/\/theark.ch\/fr\/wp-json\/wp\/v2\/posts\/6171","targetHints":{"allow":["GET"]}}],"collection":[{"href":"https:\/\/theark.ch\/fr\/wp-json\/wp\/v2\/posts"}],"about":[{"href":"https:\/\/theark.ch\/fr\/wp-json\/wp\/v2\/types\/post"}],"author":[{"embeddable":true,"href":"https:\/\/theark.ch\/fr\/wp-json\/wp\/v2\/users\/1"}],"replies":[{"embeddable":true,"href":"https:\/\/theark.ch\/fr\/wp-json\/wp\/v2\/comments?post=6171"}],"version-history":[{"count":0,"href":"https:\/\/theark.ch\/fr\/wp-json\/wp\/v2\/posts\/6171\/revisions"}],"wp:featuredmedia":[{"embeddable":true,"href":"https:\/\/theark.ch\/fr\/wp-json\/wp\/v2\/media\/6172"}],"wp:attachment":[{"href":"https:\/\/theark.ch\/fr\/wp-json\/wp\/v2\/media?parent=6171"}],"wp:term":[{"taxonomy":"category","embeddable":true,"href":"https:\/\/theark.ch\/fr\/wp-json\/wp\/v2\/categories?post=6171"},{"taxonomy":"post_tag","embeddable":true,"href":"https:\/\/theark.ch\/fr\/wp-json\/wp\/v2\/tags?post=6171"}],"curies":[{"name":"wp","href":"https:\/\/api.w.org\/{rel}","templated":true}]}}