{"id":6257,"date":"2020-03-26T10:50:00","date_gmt":"2020-03-26T09:50:00","guid":{"rendered":"http:\/\/theark.ch\/comment-gerer-son-entreprise-en-temps-de-crise-et-a-distance-10134\/"},"modified":"2020-03-26T10:50:00","modified_gmt":"2020-03-26T08:50:00","slug":"comment-gerer-son-entreprise-en-temps-de-crise-et-a-distance-10134","status":"publish","type":"post","link":"https:\/\/theark.ch\/fr\/news\/comment-gerer-son-entreprise-en-temps-de-crise-et-a-distance-10134\/","title":{"rendered":"Comment g\u00e9rer son entreprise en temps de crise (et \u00e0 distance)\u2009?"},"content":{"rendered":"<p style=\"text-align: justify;\"><strong>Grande premi\u00e8re pour la conf\u00e9rence InnoVibes du 3 avril prochain : \u00a0elle sera enti\u00e8rement digitale et interactive ! En cette p\u00e9riode de pand\u00e9mie, les entreprises se retrouvent dans l\u2019incertitude, notamment pour la gestion de leur soci\u00e9t\u00e9 et aux comportements \u00e0 adopter en tant que dirigeant (et leader). Afin de les aider, la <a href=\"http:\/\/theark.ch\/\" target=\"_blank\" rel=\"noopener\">Fondation The Ark<\/a> invite Pascal Eichenberger, directeur de Logicial SA et pr\u00e9sident d\u2019Alp ICT, pour donner des conseils pratiques pour faire face aux d\u00e9fis induits par le Covid-19. Cette rencontre digitale se d\u00e9roulera sous forme de dialogue, et permettra aussi de r\u00e9pondre aux questions des participants. N\u2019h\u00e9sitez pas \u00e0 vous inscrire directement sur le <a href=\"https:\/\/www.innovibes.ch\/fr\/events\/?id=6140\" target=\"_blank\" rel=\"noopener\">site d\u2019InnoVibes<\/a> !\u00a0<\/strong><\/p>\n<p style=\"text-align: justify;\">L\u2019adaptation des nouvelles normes de la Conf\u00e9d\u00e9ration pour faire face au Covid-19 met en p\u00e9ril beaucoup d\u2019entreprises et de start-up. Cette situation questionne \u00e9galement les chefs d\u2019entreprise et d\u2019\u00e9quipes, qui doivent s\u2019adapter \u00e0 cette nouvelle norme dans leur fa\u00e7on de conduire leur PME ou start-up. Vendredi 3 avril, <a href=\"https:\/\/www.linkedin.com\/in\/pascal-eichenberger-911a76\/\" target=\"_blank\" rel=\"noopener\">Pascal Eichenberger<\/a> animera cette premi\u00e8re conf\u00e9rence digitale. Il expliquera comment affronter les nouveaux d\u00e9fis des entrepreneurs et notamment :<\/p>\n<p style=\"text-align: justify;\">\u00a0<\/p>\n<ul>\n<li style=\"text-align: justify;\">Comment continuer \u00e0 g\u00e9rer son entreprise malgr\u00e9 les contraintes de distanciation sociale\u2009?<\/li>\n<li style=\"text-align: justify;\">Quel est le comportement \u00e0 adopter en tant que chef d\u2019entreprise, vis-\u00e0-vis des clients et des collaborateurs\u2009?\u00a0<\/li>\n<li style=\"text-align: justify;\">Comment se pr\u00e9parer \u00e0 la sortie de cette crise et l\u2019anticiper au mieux, pour revenir encore plus fort\u2009?<\/li>\n<li style=\"text-align: justify;\">Quel r\u00f4le peut jouer l\u2019innovation et quelles sont les opportunit\u00e9s \u00e0 saisir suite \u00e0 cette situation in\u00e9dite\u2009?<br \/>\n\t\u00a0<\/li>\n<\/ul>\n<p style=\"text-align: justify;\"><strong>Rendez-vous \u00e0 12h30 sur Zoom<\/strong><\/p>\n<p>La rencontre digitale se fera via Zoom et durera environ une heure. Son d\u00e9but est programm\u00e9,12h30.\u00a0<\/p>\n<p style=\"text-align: justify;\">Le lien est disponible\u00a0sur le <a href=\"https:\/\/www.innovibes.ch\/fr\/events\/?id=6140\" target=\"_blank\" rel=\"noopener\">site de la conf\u00e9rence<\/a>\u00a0mais l\u2019inscription reste obligatoire.\u00a0<br \/>\n\u00a0<\/p>\n","protected":false},"excerpt":{"rendered":"<p>Grande premi\u00e8re pour la conf\u00e9rence InnoVibes du 3 avril prochain : \u00a0elle sera enti\u00e8rement digitale et interactive ! En cette p\u00e9riode de pand\u00e9mie, les entreprises se retrouvent dans l\u2019incertitude, notamment pour la gestion de leur soci\u00e9t\u00e9 et aux comportements \u00e0 adopter en tant que dirigeant (et leader). Afin de les aider, la Fondation The Ark [&hellip;]<\/p>\n","protected":false},"author":1,"featured_media":6259,"comment_status":"closed","ping_status":"closed","sticky":false,"template":"","format":"standard","meta":{"_acf_changed":false,"footnotes":""},"categories":[186],"tags":[],"class_list":["post-6257","post","type-post","status-publish","format-standard","has-post-thumbnail","hentry","category-digital"],"acf":[],"_links":{"self":[{"href":"https:\/\/theark.ch\/fr\/wp-json\/wp\/v2\/posts\/6257","targetHints":{"allow":["GET"]}}],"collection":[{"href":"https:\/\/theark.ch\/fr\/wp-json\/wp\/v2\/posts"}],"about":[{"href":"https:\/\/theark.ch\/fr\/wp-json\/wp\/v2\/types\/post"}],"author":[{"embeddable":true,"href":"https:\/\/theark.ch\/fr\/wp-json\/wp\/v2\/users\/1"}],"replies":[{"embeddable":true,"href":"https:\/\/theark.ch\/fr\/wp-json\/wp\/v2\/comments?post=6257"}],"version-history":[{"count":0,"href":"https:\/\/theark.ch\/fr\/wp-json\/wp\/v2\/posts\/6257\/revisions"}],"wp:featuredmedia":[{"embeddable":true,"href":"https:\/\/theark.ch\/fr\/wp-json\/wp\/v2\/media\/6259"}],"wp:attachment":[{"href":"https:\/\/theark.ch\/fr\/wp-json\/wp\/v2\/media?parent=6257"}],"wp:term":[{"taxonomy":"category","embeddable":true,"href":"https:\/\/theark.ch\/fr\/wp-json\/wp\/v2\/categories?post=6257"},{"taxonomy":"post_tag","embeddable":true,"href":"https:\/\/theark.ch\/fr\/wp-json\/wp\/v2\/tags?post=6257"}],"curies":[{"name":"wp","href":"https:\/\/api.w.org\/{rel}","templated":true}]}}