{"id":6317,"date":"2020-04-20T11:33:00","date_gmt":"2020-04-20T09:33:00","guid":{"rendered":"http:\/\/theark.ch\/swiss-symposium-point-of-care-diagnostics-loccasion-de-faire-le-point-sur-les-tests-covid-19-10166\/"},"modified":"2020-04-20T11:33:00","modified_gmt":"2020-04-20T09:33:00","slug":"swiss-symposium-point-of-care-diagnostics-loccasion-de-faire-le-point-sur-les-tests-covid-19-10166","status":"publish","type":"post","link":"https:\/\/theark.ch\/fr\/news\/swiss-symposium-point-of-care-diagnostics-loccasion-de-faire-le-point-sur-les-tests-covid-19-10166\/","title":{"rendered":"Swiss Symposium \u00ab\u2009Point-of-Care\u2009Diagnostics \u00bb\u2009: l\u2019occasion de faire le point sur les tests Covid-19\u2009!"},"content":{"rendered":"<p style=\"text-align: justify;\"><strong>Des personnalit\u00e9s importantes du monde m\u00e9dical et technologique, actuellement engag\u00e9es sur le terrain pour lutter et se pr\u00e9munir contre le Covid-19, s\u2019exprimeront \u00e0 fin octobre prochain lors du Swiss Symposium in Point-of-Care Diagnostics. Organis\u00e9e \u00e0 Vi\u00e8ge, par la HES-SO Valais\/Wallis et le CSEM, cette manifestation de premier plan permettra notamment de faire le point sur les derniers d\u00e9veloppements des tests diagnostiques du coronavirus. Mais pas seulement. Les <a href=\"http:\/\/www.pocdx.ch\" target=\"_blank\" rel=\"noopener\">inscriptions<\/a> sont ouvertes.\u00a0<\/strong><\/p>\n<p style=\"text-align: justify;\">Avec la pand\u00e9mie du Covid-19, le diagnostic \u00ab\u2009point-of-care\u2009\u00bb ou, en fran\u00e7ais, \u00ab\u2009au lieu de l\u2019intervention\u2009\u00bb, a pris une nouvelle dimension. Ce n\u2019est plus seulement un outil offrant aux m\u00e9decins l\u2019opportunit\u00e9 d\u2019un traitement imm\u00e9diat aupr\u00e8s du patient, mais aussi un indispensable alli\u00e9 permettant de suivre et tracer un invisible et potentiellement mortel ennemi au sein de nos communaut\u00e9s et mettant \u00e0 mal nos \u00e9conomies.<\/p>\n<p style=\"text-align: justify;\">Le 29 octobre prochain au Centre des congr\u00e8s de Vi\u00e8ge, des orateurs de renom participeront au Swiss Symposium in Point-of-Care Diagnostics. Une majorit\u00e9 des orateurs annonc\u00e9s sont activement impliqu\u00e9s au front de la crise sanitaire caus\u00e9 par le coronavirus. Ils d\u00e9veloppent de nouveaux produits, de nouvelles technologies ou agissent sur le terrain aupr\u00e8s des patients.<\/p>\n<p>\u00a0<\/p>\n<p style=\"text-align: justify;\"><strong>Roche, MIT et H\u00f4pital du Valais<\/strong><br \/>\nCitons parmi eux Matthias Essenpreis, CTO de Roche Diagnostics. Cette entreprise b\u00e2loise est la premi\u00e8re \u00e0 avoir pu homologuer un test Covid-19 aupr\u00e8s des autorit\u00e9s sanitaires am\u00e9ricaines. Les Dr. Jonathan S. Gootenberg et Omar O. Abudayyeh, co-fondateurs de Sherlock Biosciences et chercheurs au Massachusetts Institute of Technology (MIT) seront \u00e9galement pr\u00e9sents \u00e0 Vi\u00e8ge. Ils travaillent actuellement sur la technologie de ciseaux mol\u00e9culaires CRISPR-Cas, qui permettra de d\u00e9velopper un nouveau test rapide pour le d\u00e9pistage du Covid-19 par un test ARN.\u00a0<\/p>\n<p style=\"text-align: justify;\">Plus proche de nous, le Dr. Michel F. Rossier, Membre de la Direction et Chef des Laboratoires de l\u2019H\u00f4pital du Valais pr\u00e9sentera ses exp\u00e9riences dans la gestion de cette crise. Ce dernier est au front depuis les premiers instants avec les \u00e9quipes du laboratoire de l\u2019Institut central des h\u00f4pitaux valaisans.\u00a0<\/p>\n<p style=\"text-align: justify;\">\u00a0<\/p>\n<p style=\"text-align: justify;\"><strong>Espace d\u2019exposition pour entreprises<\/strong><br \/>\nCette manifestation internationale est organis\u00e9e par la <a href=\"https:\/\/www.hevs.ch\/fr\/\" target=\"_blank\" rel=\"noopener\">HES-SO Valais\/Wallis<\/a> et le <a href=\"https:\/\/www.csem.ch\/Home?lg=fr\" target=\"_blank\" rel=\"noopener\">CSEM<\/a> en partenariat avec l\u2019<a href=\"https:\/\/www.hopitalduvalais.ch\/fr\/accueil.html\" target=\"_blank\" rel=\"noopener\">H\u00f4pital du Valais<\/a>, <a href=\"https:\/\/biotechnet.ch\/\" target=\"_blank\" rel=\"noopener\">Biotechnet<\/a>, <a href=\"https:\/\/www.swissbiotech.org\/association\/\" target=\"_blank\" rel=\"noopener\">Swiss Biotech Association<\/a> et la <a href=\"http:\/\/theark.ch\/\" target=\"_blank\" rel=\"noopener\">Fondation The Ark<\/a>. Elle sera l\u2019occasion de d\u00e9couvrir de nouvelles technologies et de nouveaux produits pouvant r\u00e9pondre aux besoins m\u00e9dicaux et faire face aux \u00e9pid\u00e9mies futures, au-del\u00e0 du SARS-CoV-2\u2009! Les conf\u00e9rences se tiendront en anglais. Un espace \u00ab\u2009exposition\u2009\u00bb est pr\u00e9vu pour les entreprises valaisannes, suisses et internationales.<\/p>\n<p style=\"text-align: justify;\">Cette 3e \u00e9dition s\u2019inscrit dans l\u2019engagement de la HES-SO Valais\/Wallis, par ses axes de d\u00e9veloppements r\u00e9gionaux, pour apporter des r\u00e9ponses et un soutien rapide et concret aux besoins et d\u2019identifier les cons\u00e9quences de la crise actuelle afin de mieux les g\u00e9rer dans le futur.<\/p>\n<p>\u00a0<\/p>\n<p><strong>Programme et inscriptions sur :<\/strong> <a href=\"http:\/\/www.pocdx.ch\" target=\"_blank\" rel=\"noopener\">www.pocdx.ch<\/a><\/p>\n<p>\u00a0<\/p>\n","protected":false},"excerpt":{"rendered":"<p>Des personnalit\u00e9s importantes du monde m\u00e9dical et technologique, actuellement engag\u00e9es sur le terrain pour lutter et se pr\u00e9munir contre le Covid-19, s\u2019exprimeront \u00e0 fin octobre prochain lors du Swiss Symposium in Point-of-Care Diagnostics. Organis\u00e9e \u00e0 Vi\u00e8ge, par la HES-SO Valais\/Wallis et le CSEM, cette manifestation de premier plan permettra notamment de faire le point sur [&hellip;]<\/p>\n","protected":false},"author":1,"featured_media":6318,"comment_status":"closed","ping_status":"closed","sticky":false,"template":"","format":"standard","meta":{"_acf_changed":false,"footnotes":""},"categories":[186],"tags":[],"class_list":["post-6317","post","type-post","status-publish","format-standard","has-post-thumbnail","hentry","category-digital"],"acf":[],"_links":{"self":[{"href":"https:\/\/theark.ch\/fr\/wp-json\/wp\/v2\/posts\/6317","targetHints":{"allow":["GET"]}}],"collection":[{"href":"https:\/\/theark.ch\/fr\/wp-json\/wp\/v2\/posts"}],"about":[{"href":"https:\/\/theark.ch\/fr\/wp-json\/wp\/v2\/types\/post"}],"author":[{"embeddable":true,"href":"https:\/\/theark.ch\/fr\/wp-json\/wp\/v2\/users\/1"}],"replies":[{"embeddable":true,"href":"https:\/\/theark.ch\/fr\/wp-json\/wp\/v2\/comments?post=6317"}],"version-history":[{"count":0,"href":"https:\/\/theark.ch\/fr\/wp-json\/wp\/v2\/posts\/6317\/revisions"}],"wp:featuredmedia":[{"embeddable":true,"href":"https:\/\/theark.ch\/fr\/wp-json\/wp\/v2\/media\/6318"}],"wp:attachment":[{"href":"https:\/\/theark.ch\/fr\/wp-json\/wp\/v2\/media?parent=6317"}],"wp:term":[{"taxonomy":"category","embeddable":true,"href":"https:\/\/theark.ch\/fr\/wp-json\/wp\/v2\/categories?post=6317"},{"taxonomy":"post_tag","embeddable":true,"href":"https:\/\/theark.ch\/fr\/wp-json\/wp\/v2\/tags?post=6317"}],"curies":[{"name":"wp","href":"https:\/\/api.w.org\/{rel}","templated":true}]}}