{"id":6666,"date":"2020-07-31T14:02:00","date_gmt":"2020-07-31T12:02:00","guid":{"rendered":"http:\/\/theark.ch\/premiers-tests-concluants-pour-lavion-a-decollage-vertical-de-dufour-aerospace-10277\/"},"modified":"2020-07-31T14:02:00","modified_gmt":"2020-07-31T12:02:00","slug":"premiers-tests-concluants-pour-lavion-a-decollage-vertical-de-dufour-aerospace-10277","status":"publish","type":"post","link":"https:\/\/theark.ch\/fr\/news\/premiers-tests-concluants-pour-lavion-a-decollage-vertical-de-dufour-aerospace-10277\/","title":{"rendered":"Premiers tests concluants pour l\u2019avion \u00e0 d\u00e9collage vertical de Dufour Aerospace"},"content":{"rendered":"<p style=\"text-align: justify;\"><strong>Le Valais est une terre fertile pour les pionniers de l\u2019aviation durable. La start-up haut-valaisanne Dufour Aerospace, accompagn\u00e9e par la <a href=\"http:\/\/theark.ch\" target=\"_blank\" rel=\"noopener\">Fondation The Ark<\/a>, vient d\u2019achever une premi\u00e8re s\u00e9rie de tests avec son prototype d\u2019avion \u00e0 d\u00e9collage et atterrissage vertical (VTOL). Pas moins de 550 vols d\u2019essai ont d\u00e9j\u00e0 \u00e9t\u00e9 effectu\u00e9s avec l\u2019avion de d\u00e9monstration, pr\u00e9cise la start-up.<\/strong>\u00a0<\/p>\n<p style=\"text-align: justify;\">Les tests ont d\u00e9montr\u00e9 un degr\u00e9 \u00e9lev\u00e9 de stabilit\u00e9 et de contr\u00f4le dans toutes les conditions, y compris les transitions entre le vol stationnaire et le vol de croisi\u00e8re et le retour, note <a href=\"https:\/\/dufour.aero\" target=\"_blank\" rel=\"noopener\">Dufour Aerospace<\/a> sur son site internet. \u00ab\u2009Inspir\u00e9s par le travail de pionnier effectu\u00e9 par Canadair il y a cinquante ans avec son avion CL-84, nos recherches ont montr\u00e9 que les avions convertibles \u00e0 ailes basculantes offrent un degr\u00e9 \u00e9lev\u00e9 de s\u00e9curit\u00e9 et d&#39;efficacit\u00e9\u2009\u00bb.<\/p>\n<p style=\"text-align: justify;\">\u00a0<\/p>\n<p style=\"text-align: justify;\"><strong>Performances et stabilit\u00e9 au-del\u00e0 des attentes<\/strong><br \/>\n\u00ab\u2009D&#39;apr\u00e8s nos simulations, nous nous attendions \u00e0 ce que notre syst\u00e8me de contr\u00f4le des ailes basculantes, d\u00e9velopp\u00e9 ces deux derni\u00e8res ann\u00e9es en collaboration avec l&#39;<a href=\"https:\/\/ethz.ch\/en.html\" target=\"_blank\" rel=\"noopener\">ETH de Zurich<\/a>, fonctionne bien. Mais il est encourageant de voir que les performances et la stabilit\u00e9 ont d\u00e9pass\u00e9 nos attentes\u2009\u00bb, souligne Jasmine Kent, CTO, de Dufour Aerospace.\u00a0<\/p>\n<p style=\"text-align: justify;\">\u00ab\u2009Nous avons maintenant une solide exp\u00e9rience de la technologie des avions \u00e9lectriques habit\u00e9s et de la technologie eVTOL. En tant que pilote d&#39;h\u00e9licopt\u00e8re de sauvetage, je suis impatient de les r\u00e9unir\u2009\u00bb, pr\u00e9cise pour sa part Thomas Pfammatter, CEO de la jeune entreprise bas\u00e9e \u00e0 Vi\u00e8ge.<\/p>\n<p style=\"text-align: justify;\">Dufour Aerospace s\u2019appr\u00eate donc \u00e0 d\u00e9coller. Elle recherche d\u2019ailleurs des forces vives, et notamment des personnes passionn\u00e9es, pour rejoindre l\u2019entreprise dans sa mission d&#39;acc\u00e9l\u00e9ration de l&#39;aviation durable.<\/p>\n<p style=\"text-align: justify;\">\u00a0<\/p>\n<p style=\"text-align: center;\"><iframe loading=\"lazy\" allow=\"accelerometer; autoplay; encrypted-media; gyroscope; picture-in-picture\" allowfullscreen=\"\" frameborder=\"0\" height=\"315\" src=\"https:\/\/www.youtube.com\/embed\/ZjrtxUqGdjY\" width=\"560\"><\/iframe><\/p>\n<p style=\"text-align: justify;\">\n<strong>Source\u2009: <\/strong>Dufour Aerospace<\/p>\n<p style=\"text-align: justify;\">\u00a0<\/p>\n","protected":false},"excerpt":{"rendered":"<p>Le Valais est une terre fertile pour les pionniers de l\u2019aviation durable. La start-up haut-valaisanne Dufour Aerospace, accompagn\u00e9e par la Fondation The Ark, vient d\u2019achever une premi\u00e8re s\u00e9rie de tests avec son prototype d\u2019avion \u00e0 d\u00e9collage et atterrissage vertical (VTOL). Pas moins de 550 vols d\u2019essai ont d\u00e9j\u00e0 \u00e9t\u00e9 effectu\u00e9s avec l\u2019avion de d\u00e9monstration, pr\u00e9cise [&hellip;]<\/p>\n","protected":false},"author":1,"featured_media":6667,"comment_status":"closed","ping_status":"closed","sticky":false,"template":"","format":"standard","meta":{"_acf_changed":false,"footnotes":""},"categories":[186],"tags":[],"class_list":["post-6666","post","type-post","status-publish","format-standard","has-post-thumbnail","hentry","category-digital"],"acf":[],"_links":{"self":[{"href":"https:\/\/theark.ch\/fr\/wp-json\/wp\/v2\/posts\/6666","targetHints":{"allow":["GET"]}}],"collection":[{"href":"https:\/\/theark.ch\/fr\/wp-json\/wp\/v2\/posts"}],"about":[{"href":"https:\/\/theark.ch\/fr\/wp-json\/wp\/v2\/types\/post"}],"author":[{"embeddable":true,"href":"https:\/\/theark.ch\/fr\/wp-json\/wp\/v2\/users\/1"}],"replies":[{"embeddable":true,"href":"https:\/\/theark.ch\/fr\/wp-json\/wp\/v2\/comments?post=6666"}],"version-history":[{"count":0,"href":"https:\/\/theark.ch\/fr\/wp-json\/wp\/v2\/posts\/6666\/revisions"}],"wp:featuredmedia":[{"embeddable":true,"href":"https:\/\/theark.ch\/fr\/wp-json\/wp\/v2\/media\/6667"}],"wp:attachment":[{"href":"https:\/\/theark.ch\/fr\/wp-json\/wp\/v2\/media?parent=6666"}],"wp:term":[{"taxonomy":"category","embeddable":true,"href":"https:\/\/theark.ch\/fr\/wp-json\/wp\/v2\/categories?post=6666"},{"taxonomy":"post_tag","embeddable":true,"href":"https:\/\/theark.ch\/fr\/wp-json\/wp\/v2\/tags?post=6666"}],"curies":[{"name":"wp","href":"https:\/\/api.w.org\/{rel}","templated":true}]}}