{"id":6876,"date":"2020-10-19T11:51:00","date_gmt":"2020-10-19T09:51:00","guid":{"rendered":"http:\/\/theark.ch\/smart-water-2020-la-gestion-de-leau-a-fait-debat-au-chable-malgre-le-covid-19-10340\/"},"modified":"2020-10-19T11:51:00","modified_gmt":"2020-10-19T09:51:00","slug":"smart-water-2020-la-gestion-de-leau-a-fait-debat-au-chable-malgre-le-covid-19-10340","status":"publish","type":"post","link":"https:\/\/theark.ch\/fr\/news\/smart-water-2020-la-gestion-de-leau-a-fait-debat-au-chable-malgre-le-covid-19-10340\/","title":{"rendered":"Smart Water 2020 : la gestion de l\u2019eau a fait d\u00e9bat au Ch\u00e2ble, malgr\u00e9 le Covid-19"},"content":{"rendered":"<p><strong>La 2e \u00e9dition de la conf\u00e9rence <a href=\"http:\/\/www.smartwater.swiss\" target=\"_blank\" rel=\"noopener\">Smart Water<\/a> s\u2019est bel et bien tenue les 15 et 16 octobre dernier au Ch\u00e2ble. Malgr\u00e9 les craintes suscit\u00e9es par la recrudescence du Covid-19, la manifestation a pu se tenir, moyennant quelques adaptations, avec de la distance physique et des masques. Au final, les d\u00e9bats et enseignements ont \u00e9t\u00e9 nombreux et vari\u00e9s, que ce soit lors du colloque scientifique du jeudi, de la soir\u00e9e publique du jeudi soir ou de la matin\u00e9e \u00e9conomique du vendredi. Au total, pr\u00e8s de 200 personnes ont assist\u00e9 aux d\u00e9bats et pr\u00e9sentations de la vingtaine d\u2019orateurs mobilis\u00e9s pour l\u2019occasion. Une 3e \u00e9dition est pr\u00e9vue pour 2021.<\/strong><\/p>\n<p>\nSmart Water vise \u00e0 sensibiliser et informer les professionnels et le grand public sur la gestion intelligente de l\u2019eau. Elle est organis\u00e9e par le <a href=\"https:\/\/www.blueark.ch\" target=\"_blank\" rel=\"noopener\">BlueArk Entremont<\/a>, <a href=\"http:\/\/www.altis.swiss\" target=\"_blank\" rel=\"noopener\">Altis<\/a>, la Fondation The Ark et l\u2019<a href=\"http:\/\/www.unil.ch\" target=\"_blank\" rel=\"noopener\">Universit\u00e9 de Lausanne<\/a>. \u00ab Compte tenu des circonstances, nous sommes tr\u00e8s satisfaits de la fr\u00e9quentation lors de notre \u00e9v\u00e8nement. Avec 200 participants, sans compter les personnes qui ont visionn\u00e9 la conf\u00e9rence en direct sur internet, nous sommes l\u2019une des manifestations professionnelles les plus populaires de cet automne \u00bb, rel\u00e8ve Guillaume von Roten, coordinateur de la manifestation pour la Fondation The Ark. Les participants ont bien respect\u00e9 les normes strictes mises en place. \u00ab Le concept Covid-19 d\u00e9ploy\u00e9 pour l\u2019occasion a permis de rassurer les gens pr\u00e9sents \u00bb.<\/p>\n<p>\nLa manifestation a ainsi \u00e9t\u00e9 organis\u00e9e dans la grande salle de l\u2019Espace Saint-Marc, qui peut, en temps normal, accueillir jusqu\u2019\u00e0 500 personnes. \u00ab Au plus fort des d\u00e9bats, nous avions environ 80 personnes dans la salle, soit largement de quoi respecter les distances physiques \u00bb, pr\u00e9cise St\u00e9phane Storelli, coordinateur de la manifestation pour Altis.<\/p>\n<p>\u00a0<\/p>\n<p><strong>Pour la premi\u00e8re fois sur deux jours<\/strong><br \/>\nSmart Water, organis\u00e9e pour la premi\u00e8re fois sur deux jours, a propos\u00e9 un mix int\u00e9ressant entre pr\u00e9sentations acad\u00e9miques et cas pratiques issus du tissu \u00e9conomique. Parmi ces derniers, des entreprises comme Alpiq, IBM, Altis Groupe, IG-Group ou encore Orbiwise ont pr\u00e9sent\u00e9 des solutions concr\u00e8tes pour mieux g\u00e9rer l\u2019eau. Des experts de l\u2019Universit\u00e9 de Lausanne (Emmanuel Reynard, Marianne Milano et Silvia Flaminio), de la HES-SO Valais (Jo\u00eblle Mastelic, Jean-Christophe Loubier), du CNRS (Denis Ruelland), de l\u2019EPFZ (Sonia Seneviratne) ou du Crealp (Tristan Bra\u00fcchli et Ivann Milenkovic) ont \u00e9galement mis en lumi\u00e8re des analyses tr\u00e8s int\u00e9ressantes. A noter \u00e9galement la pr\u00e9sence de Dominique B\u00e9rod, de l\u2019Organisation m\u00e9trologique mondiale. Ce dernier, souvent en d\u00e9placement aux quatre coins de la plan\u00e8te, a pu \u00eatre pr\u00e9sent au Ch\u00e2ble cette ann\u00e9e et partager ses riches exp\u00e9riences. L\u2019un des rares points positifs de la pand\u00e9mie.<\/p>\n<p>L\u2019agriculture et sa gestion de l\u2019eau ont \u00e9t\u00e9 au c\u0153ur du d\u00e9bat du mercredi soir. Anim\u00e9 par Marc Gilgen d\u2019Agridea, il a r\u00e9uni Olivier Borgeat, de l\u2019interprofession des fruits et l\u00e9gumes du Valais, Laurent Maret, chef de l\u2019office des am\u00e9liorations structurelles de l\u2019Etat du Valais, Aude Soureillat (R\u00e9seau des acteurs de l\u2019eau en Haut-Savoie), Dominique G\u00e4rtner de l\u2019Office f\u00e9d\u00e9ral de l\u2019agriculture et Jo\u00ebl Di Natale, directeur d\u2019Altis.<\/p>\n<p>\u00a0<\/p>\n<p><strong>3e \u00e9dition\u2026 et BlueArk Challenge en point de mire<\/strong><br \/>\nForts du succ\u00e8s de cette seconde \u00e9dition, les organisateurs vont rapidement se pencher sur la troisi\u00e8me, qui aura lieu \u00e0 l\u2019automne 2021, dans des conditions plus \u00ab traditionnelles \u00bb. Mais avant cela, le BlueArk Entremont a encore du pain sur la planche, suite au lancement du <a href=\"http:\/\/www.blueark-challenge.ch\" target=\"_blank\" rel=\"noopener\">BlueArk Challenge<\/a>. Cet appel \u00e0 solutions pour des innovations dans le domaine de l\u2019eau est ouvert jusqu\u2019au 6 novembre prochain. Affaire \u00e0 suivre.<\/p>\n<p>\u00a0<\/p>\n<p><strong>INFORMATIONS COMPLEMENTAIRES<\/strong><\/p>\n<ul>\n<li><a href=\"https:\/\/www.flickr.com\/photos\/thearkvalais\/albums\/72157716446976401\" target=\"_blank\" rel=\"noopener\">Des photos de Smart Water 2020 sont disponibles ici<\/a><\/li>\n<li>La Fondation The Ark met \u00e0 disposition 10 codes de gratuit\u00e9 pour acc\u00e9der au replay vid\u00e9o de l\u2019ensemble des conf\u00e9rences. Contactez-nous<\/a> en cas d\u2019int\u00e9r\u00eat. \u00a0<\/li>\n<\/ul>\n<p>\n\u00a0<\/p>\n<p>\u00a0<\/p>\n","protected":false},"excerpt":{"rendered":"<p>La 2e \u00e9dition de la conf\u00e9rence Smart Water s\u2019est bel et bien tenue les 15 et 16 octobre dernier au Ch\u00e2ble. Malgr\u00e9 les craintes suscit\u00e9es par la recrudescence du Covid-19, la manifestation a pu se tenir, moyennant quelques adaptations, avec de la distance physique et des masques. Au final, les d\u00e9bats et enseignements ont \u00e9t\u00e9 [&hellip;]<\/p>\n","protected":false},"author":1,"featured_media":6879,"comment_status":"closed","ping_status":"closed","sticky":false,"template":"","format":"standard","meta":{"_acf_changed":false,"footnotes":""},"categories":[186],"tags":[],"class_list":["post-6876","post","type-post","status-publish","format-standard","has-post-thumbnail","hentry","category-digital"],"acf":[],"_links":{"self":[{"href":"https:\/\/theark.ch\/fr\/wp-json\/wp\/v2\/posts\/6876","targetHints":{"allow":["GET"]}}],"collection":[{"href":"https:\/\/theark.ch\/fr\/wp-json\/wp\/v2\/posts"}],"about":[{"href":"https:\/\/theark.ch\/fr\/wp-json\/wp\/v2\/types\/post"}],"author":[{"embeddable":true,"href":"https:\/\/theark.ch\/fr\/wp-json\/wp\/v2\/users\/1"}],"replies":[{"embeddable":true,"href":"https:\/\/theark.ch\/fr\/wp-json\/wp\/v2\/comments?post=6876"}],"version-history":[{"count":0,"href":"https:\/\/theark.ch\/fr\/wp-json\/wp\/v2\/posts\/6876\/revisions"}],"wp:featuredmedia":[{"embeddable":true,"href":"https:\/\/theark.ch\/fr\/wp-json\/wp\/v2\/media\/6879"}],"wp:attachment":[{"href":"https:\/\/theark.ch\/fr\/wp-json\/wp\/v2\/media?parent=6876"}],"wp:term":[{"taxonomy":"category","embeddable":true,"href":"https:\/\/theark.ch\/fr\/wp-json\/wp\/v2\/categories?post=6876"},{"taxonomy":"post_tag","embeddable":true,"href":"https:\/\/theark.ch\/fr\/wp-json\/wp\/v2\/tags?post=6876"}],"curies":[{"name":"wp","href":"https:\/\/api.w.org\/{rel}","templated":true}]}}