{"id":7354,"date":"2021-03-15T17:30:00","date_gmt":"2021-03-15T16:30:00","guid":{"rendered":"http:\/\/theark.ch\/lintelligence-artificielle-au-service-de-ma-pme-comment-et-pourquoi-10478\/"},"modified":"2021-03-15T17:30:00","modified_gmt":"2021-03-15T15:30:00","slug":"lintelligence-artificielle-au-service-de-ma-pme-comment-et-pourquoi-10478","status":"publish","type":"post","link":"https:\/\/theark.ch\/fr\/news\/lintelligence-artificielle-au-service-de-ma-pme-comment-et-pourquoi-10478\/","title":{"rendered":"L\u2019intelligence artificielle au service de ma PME\u202f: comment\u202fet pourquoi\u202f?"},"content":{"rendered":"<p style=\"text-align: justify;\"><strong>A l\u2019occasion de la premi\u00e8re conf\u00e9rence InnoVibes de l\u2019ann\u00e9e, la <a href=\"http:\/\/theark.ch\/\" target=\"_blank\" rel=\"noopener\">Fondation The Ark<\/a> propose de s\u2019attarder sur les enjeux de l\u2019intelligence artificielle au sein des entreprises. Elle vous donne rendez-vous le 26 mars prochain en ligne. A cette occasion, Jo\u00ebl\u00a0Dumoulin de l\u2019Institut de recherche Idiap et Hugues-Vincent Roy d\u2019AISA Automation Industrielle partageront leurs r\u00e9flexions sur les opportunit\u00e9s et les d\u00e9fis en lien avec cette nouvelle technologie et l\u2019industrie 4.0. <a href=\"https:\/\/www.innovibes.ch\/fr\/events\/?id=8084\" target=\"_blank\" rel=\"noopener\">N\u2019oubliez pas de vous inscrire sur le site d\u2019InnoVibes<\/a> !<\/strong><\/p>\n<p style=\"text-align: justify;\">L\u2019intelligence artificielle r\u00e9volutionne l\u2019industrie. Son champ d\u2019application est extr\u00eamement vaste, de l\u2019optimisation de la cha\u00eene de production ou d\u2019approvisionnement \u00e0 la cr\u00e9ation de nouveaux mod\u00e8les d\u2019affaires en passant par le d\u00e9veloppement de nouveaux produits. M\u00eame si les avantages sont nombreux, l\u2019intelligence artificielle suscite de nombreux questionnements.<\/p>\n<p>\u2022\u00a0\u00a0 \u00a0Comment utiliser l\u2019intelligence artificielle dans mon entreprise\u2009?<br \/>\n\u2022\u00a0\u00a0 \u00a0Quels sont les pr\u00e9requis pour se lancer ?<br \/>\n\u2022\u00a0\u00a0 \u00a0Quelles sont les bonnes pratiques ?<br \/>\n\u2022\u00a0\u00a0 \u00a0Y a-t-il des pi\u00e8ges \u00e0 \u00e9viter ?<br \/>\n\u2022\u00a0\u00a0 \u00a0Qu\u2019apporte r\u00e9ellement l\u2019intelligence artificielle ?<br \/>\n\u2022\u00a0\u00a0 \u00a0Par o\u00f9 d\u00e9buter ?<br \/>\n\u00a0<\/p>\n<p style=\"text-align: justify;\">Pour r\u00e9pondre \u00e0 ces questions, la conf\u00e9rence InnoVibes a le plaisir d\u2019accueillir <a href=\"https:\/\/www.linkedin.com\/in\/hugues-vincent-roy-95816a\/\" target=\"_blank\" rel=\"noopener\">Hugues-Vincent Roy<\/a>, directeur d\u2019<a href=\"https:\/\/www.aisa.com\/\" target=\"_blank\" rel=\"noopener\">AISA Automation Industrielle<\/a> et <a href=\"https:\/\/www.linkedin.com\/in\/joel-dumoulin\/\" target=\"_blank\" rel=\"noopener\">Jo\u00ebl Dumoulin<\/a>, responsable du transfert technologique \u00e0 l\u2019<a href=\"https:\/\/www.idiap.ch\/fr\" target=\"_blank\" rel=\"noopener\">Institut de recherche Idiap<\/a>. Ceux-ci vous partageront leurs exp\u00e9riences et donneront de pr\u00e9cieux conseils sur le sujet. Il sera possible de leur poser des questions \u00e0 la fin de la conf\u00e9rence.<\/p>\n<p>\u00a0<\/p>\n<p><strong>R\u00e9servez la date du 26 mars !<\/strong><\/p>\n<p style=\"text-align: justify;\">La rencontre digitale, qui se fera via Zoom le 26 mars prochain, d\u00e9butera \u00e0 12h15 et durera environ une heure. La conf\u00e9rence est gratuite mais les inscriptions sont obligatoires. Si le th\u00e8me vous int\u00e9resse, n\u2019h\u00e9sitez pas \u00e0 vous inscrire sur le <a href=\"https:\/\/www.innovibes.ch\/fr\/events\/?id=8084\" target=\"_blank\" rel=\"noopener\">site d\u2019InnoVibes<\/a>. La participation est ouverte \u00e0 tous, donc parlez-en autour de vous !<br \/>\n\u00a0<\/p>\n","protected":false},"excerpt":{"rendered":"<p>A l\u2019occasion de la premi\u00e8re conf\u00e9rence InnoVibes de l\u2019ann\u00e9e, la Fondation The Ark propose de s\u2019attarder sur les enjeux de l\u2019intelligence artificielle au sein des entreprises. Elle vous donne rendez-vous le 26 mars prochain en ligne. A cette occasion, Jo\u00ebl\u00a0Dumoulin de l\u2019Institut de recherche Idiap et Hugues-Vincent Roy d\u2019AISA Automation Industrielle partageront leurs r\u00e9flexions sur [&hellip;]<\/p>\n","protected":false},"author":1,"featured_media":7355,"comment_status":"closed","ping_status":"closed","sticky":false,"template":"","format":"standard","meta":{"_acf_changed":false,"footnotes":""},"categories":[196],"tags":[],"class_list":["post-7354","post","type-post","status-publish","format-standard","has-post-thumbnail","hentry","category-mecanique"],"acf":[],"_links":{"self":[{"href":"https:\/\/theark.ch\/fr\/wp-json\/wp\/v2\/posts\/7354","targetHints":{"allow":["GET"]}}],"collection":[{"href":"https:\/\/theark.ch\/fr\/wp-json\/wp\/v2\/posts"}],"about":[{"href":"https:\/\/theark.ch\/fr\/wp-json\/wp\/v2\/types\/post"}],"author":[{"embeddable":true,"href":"https:\/\/theark.ch\/fr\/wp-json\/wp\/v2\/users\/1"}],"replies":[{"embeddable":true,"href":"https:\/\/theark.ch\/fr\/wp-json\/wp\/v2\/comments?post=7354"}],"version-history":[{"count":0,"href":"https:\/\/theark.ch\/fr\/wp-json\/wp\/v2\/posts\/7354\/revisions"}],"wp:featuredmedia":[{"embeddable":true,"href":"https:\/\/theark.ch\/fr\/wp-json\/wp\/v2\/media\/7355"}],"wp:attachment":[{"href":"https:\/\/theark.ch\/fr\/wp-json\/wp\/v2\/media?parent=7354"}],"wp:term":[{"taxonomy":"category","embeddable":true,"href":"https:\/\/theark.ch\/fr\/wp-json\/wp\/v2\/categories?post=7354"},{"taxonomy":"post_tag","embeddable":true,"href":"https:\/\/theark.ch\/fr\/wp-json\/wp\/v2\/tags?post=7354"}],"curies":[{"name":"wp","href":"https:\/\/api.w.org\/{rel}","templated":true}]}}