{"id":7368,"date":"2021-04-12T13:27:00","date_gmt":"2021-04-12T11:27:00","guid":{"rendered":"http:\/\/theark.ch\/alzheimer-un-cadre-digital-pour-apaiser-les-patients-et-leurs-proches-10502\/"},"modified":"2021-04-12T13:27:00","modified_gmt":"2021-04-12T11:27:00","slug":"alzheimer-un-cadre-digital-pour-apaiser-les-patients-et-leurs-proches-10502","status":"publish","type":"post","link":"https:\/\/theark.ch\/fr\/news\/alzheimer-un-cadre-digital-pour-apaiser-les-patients-et-leurs-proches-10502\/","title":{"rendered":"Alzheimer\u2009: un cadre digital pour apaiser les patients et leurs proches"},"content":{"rendered":"<p><strong>La start-up Memories Matter, laur\u00e9ate d\u2019une <a href=\"http:\/\/theark.ch\/page\/chf-10-000-pour-concretiser-votre-projet-1683\" target=\"_blank\" rel=\"noopener\">Bourse de la Fondation The Ark<\/a>, est en train de concr\u00e9tiser son projet de cadre digital destin\u00e9 aux patients souffrant de la maladie d\u2019Alzheimer. Elle esp\u00e8re pouvoir finaliser son application mobile d\u2019ici quelques mois, et ainsi faire revivre des \u00e9motions positives aux personnes concern\u00e9es. La solution technologique d\u00e9velopp\u00e9e par Memories Matter permettra aussi d\u2019all\u00e9ger le quotidien des proches aidants. \u00a0\u00a0<\/strong><\/p>\n<p>En Suisse, pas moins de 90\u2019000 personnes souffrent de la maladie d\u2019Alzheimer. Leur nombre devrait tripler d\u2019ici \u00e0 2050. En moyenne, jusqu\u2019\u00e0 trois proches aidants par malade sont impact\u00e9s. <a href=\"https:\/\/www.linkedin.com\/company\/memoriesmatterswitzerland\/\" target=\"_blank\" rel=\"noopener\">Memories Matter<\/a> est n\u00e9e dans le courant de l\u2019ann\u00e9e 2020 de l\u2019envie de Marie Perbos et de Thierry Antille de proposer une solution innovante. \u00ab\u2009\u00c9tant moi-m\u00eame proche aidante au travers de mon grand-p\u00e8re, j\u2019avais \u00e0 c\u0153ur d\u2019agir pour aider les patients et leur entourage\u2009\u00bb, pr\u00e9cise Marie Perbos. Plusieurs mois de recherche ont \u00e9t\u00e9 n\u00e9cessaires pour comprendre la probl\u00e9matique. \u00a0<\/p>\n<p>La solution propos\u00e9e se pr\u00e9sente sous la forme d\u2019une application mobile, g\u00e9r\u00e9e par les proches aidants. \u00ab\u2009Ceux-ci peuvent programmer \u00e0 distance du contenu multim\u00e9dia et personnaliser les affichages. Les contenus s\u00e9lectionn\u00e9s (vid\u00e9os, photos, musique \u2026) sont ensuite projet\u00e9s sur un cadre virtuel dans le logement de la personne malade\u2009\u00bb, explique Thierry Antille.<\/p>\n<p>\u00a0<\/p>\n<p><strong>Revivre des \u00e9motions positives\u00a0<\/strong><br \/>\nL\u2019id\u00e9e est de pouvoir reconnecter le malade \u00e0 son pass\u00e9, gr\u00e2ce \u00e0 des souvenirs. \u00ab\u2009Leur cerveau va ainsi se concentrer sur une \u00e9motion positive et les mettre davantage \u00e0 l\u2019aise\u2009\u00bb, note Marie Perbos. Le but principal est d\u2019augmenter leur bien-\u00eatre au quotidien. \u00ab\u2009Peu importe le type de souvenir, les malades les prennent du c\u00f4t\u00e9 positif en les voyant s\u2019afficher \u00e0 l\u2019\u00e9cran\u2009\u00bb, affirme Thierry. Ce concept d\u2019application et de cadre digital est bas\u00e9 sur des articles scientifiques, mais \u00e9galement v\u00e9rifi\u00e9 sur le terrain par des proches aidants ainsi que des experts de la maladie. \u00ab\u2009Le cadre digital, parfaitement int\u00e9gr\u00e9 dans leur logement, devient ainsi une sorte de r\u00e9f\u00e9rence dans leur lieu de vie\u2009\u00bb, pr\u00e9cise encore Thierry Antille.<\/p>\n<p>\u00a0<\/p>\n<p><strong>Trois mois pour d\u00e9velopper l\u2019id\u00e9e\u00a0<\/strong><br \/>\nCes derniers mois, les deux entrepreneurs ont particip\u00e9 au Challenge Debiopharm sur l\u2019am\u00e9lioration de la qualit\u00e9 de vie du patient, en collaboration avec la Fondation Inartis. Ils ont \u00e9galement particip\u00e9 au challenge \u00ab\u202fPr\u00eat\u2009? Partez, Pitch\u2009!\u202f\u00bb de Genilem. Memories Matter vient maintenant d\u2019obtenir une bourse The Ark de trois mois pour d\u00e9velopper leur id\u00e9e, avant de peut-\u00eatre int\u00e9grer l\u2019Incubateur de start-up valaisan.\u00a0<\/p>\n<p>Les fonctionnalit\u00e9s de l\u2019application mobile sont en cours de d\u00e9veloppement, et le business model est en phase d\u2019\u00e9laboration. Cette bourse permettra de travailler ces aspects plus en d\u00e9tail, ainsi que sur la proposition de valeur \u00e0 amener aux b\u00e9n\u00e9ficiaires de ce projet. \u00ab\u2009L\u2019accompagnement via la bourse The Ark nous forcera \u00e0 nous poser de bonnes questions et surtout \u00e0 explorer de possibles nouvelles voies pour notre projet\u2009\u00bb, selon Marie Perbos. La jeune entreprise pourra aussi cibler ses besoins financiers et fixer des exigences en mati\u00e8re de protection des donn\u00e9es. \u00a0<\/p>\n<p>\u00ab\u2009Nous tirons notre force de nos partenaires. Le soutien de The Ark est pour nous un renouveau, qui nous motive \u00e0 avancer encore plus\u2009\u00bb, conclut Thierry Antille. \u00a0<\/p>\n<p>\u00a0<br \/>\nMemories Matter souhaite r\u00e9colter plus de t\u00e9moignages de proches aidants et personnes souffrants de la maladie d\u2019Alzheimer, notamment pour tester son concept. Les personnes int\u00e9ress\u00e9es peuvent s\u2019adresser aux deux co-fondateurs via cette adresse e-mail\u2009: marieperbos@hotmail.com<\/a>\u00a0<br \/>\n\u00a0<\/p>\n<p><strong>Informations compl\u00e9mentaires <\/strong>sur la <a href=\"https:\/\/www.facebook.com\/memoriesmatterswitzerland\/\" target=\"_blank\" rel=\"noopener\">page Facebook<\/a> ou <a href=\"https:\/\/www.linkedin.com\/company\/memoriesmatterswitzerland\/\" target=\"_blank\" rel=\"noopener\">LinkedIn<\/a> de Memories Matter\u00a0<\/p>\n<p>\u00a0<\/p>\n<p>\u00a0<\/p>\n","protected":false},"excerpt":{"rendered":"<p>La start-up Memories Matter, laur\u00e9ate d\u2019une Bourse de la Fondation The Ark, est en train de concr\u00e9tiser son projet de cadre digital destin\u00e9 aux patients souffrant de la maladie d\u2019Alzheimer. Elle esp\u00e8re pouvoir finaliser son application mobile d\u2019ici quelques mois, et ainsi faire revivre des \u00e9motions positives aux personnes concern\u00e9es. La solution technologique d\u00e9velopp\u00e9e par [&hellip;]<\/p>\n","protected":false},"author":1,"featured_media":7369,"comment_status":"closed","ping_status":"closed","sticky":false,"template":"","format":"standard","meta":{"_acf_changed":false,"footnotes":""},"categories":[186],"tags":[],"class_list":["post-7368","post","type-post","status-publish","format-standard","has-post-thumbnail","hentry","category-digital"],"acf":[],"_links":{"self":[{"href":"https:\/\/theark.ch\/fr\/wp-json\/wp\/v2\/posts\/7368","targetHints":{"allow":["GET"]}}],"collection":[{"href":"https:\/\/theark.ch\/fr\/wp-json\/wp\/v2\/posts"}],"about":[{"href":"https:\/\/theark.ch\/fr\/wp-json\/wp\/v2\/types\/post"}],"author":[{"embeddable":true,"href":"https:\/\/theark.ch\/fr\/wp-json\/wp\/v2\/users\/1"}],"replies":[{"embeddable":true,"href":"https:\/\/theark.ch\/fr\/wp-json\/wp\/v2\/comments?post=7368"}],"version-history":[{"count":0,"href":"https:\/\/theark.ch\/fr\/wp-json\/wp\/v2\/posts\/7368\/revisions"}],"wp:featuredmedia":[{"embeddable":true,"href":"https:\/\/theark.ch\/fr\/wp-json\/wp\/v2\/media\/7369"}],"wp:attachment":[{"href":"https:\/\/theark.ch\/fr\/wp-json\/wp\/v2\/media?parent=7368"}],"wp:term":[{"taxonomy":"category","embeddable":true,"href":"https:\/\/theark.ch\/fr\/wp-json\/wp\/v2\/categories?post=7368"},{"taxonomy":"post_tag","embeddable":true,"href":"https:\/\/theark.ch\/fr\/wp-json\/wp\/v2\/tags?post=7368"}],"curies":[{"name":"wp","href":"https:\/\/api.w.org\/{rel}","templated":true}]}}