{"id":7383,"date":"2021-04-30T18:22:00","date_gmt":"2021-04-30T16:22:00","guid":{"rendered":"http:\/\/theark.ch\/prochaine-innovibes-un-an-apres-quelles-evolutions-digitales-pour-les-pme-10521\/"},"modified":"2021-04-30T18:22:00","modified_gmt":"2021-04-30T16:22:00","slug":"prochaine-innovibes-un-an-apres-quelles-evolutions-digitales-pour-les-pme-10521","status":"publish","type":"post","link":"https:\/\/theark.ch\/fr\/news\/prochaine-innovibes-un-an-apres-quelles-evolutions-digitales-pour-les-pme-10521\/","title":{"rendered":"Prochaine InnoVibes\u202f: \u00ab\u202fUn an apr\u00e8s\u202f: quelles \u00e9volutions digitales pour les PME  ?\u202f\u00bb"},"content":{"rendered":"<p><strong>Le 25 mai prochain, la <a href=\"http:\/\/theark.ch\/\" target=\"_blank\" rel=\"noopener\">Fondation The\u00a0Ark<\/a>\u00a0vous\u00a0propose une\u00a0table ronde\u00a0dans le cadre de\u00a0sa\u00a0prochaine\u00a0InnoVibes.\u00a0La crise du coronavirus a bouscul\u00e9 les pratiques de bon nombre de PME, en Valais comme ailleurs. Beaucoup d\u2019entre elles ont investi dans la digitalisation pour s\u2019adapter au semi-confinement qui touche la Suisse depuis plus d\u2019une ann\u00e9e. En juin 2020, nous nous demandions\u00a0<a href=\"https:\/\/www.innovibes.ch\/fr\/events\/?id=6144\" rel=\"noreferrer noopener\" target=\"_blank\">dans le cadre d\u2019une InnoVibes<\/a>\u00a0intitul\u00e9e\u00a0\u00ab\u202fquel h\u00e9ritage pour les PME valaisannes dans l\u2019apr\u00e8s Covid-19\u202f\u00bb si les investissements avaient \u00e9t\u00e9 judicieux et surtout s\u2019ils laisseront\u00a0des \u00e9l\u00e9ments concrets\u00a0aux\u00a0entreprises.<\/strong><\/p>\n<p>Aujourd\u2019hui, les entreprises doivent se focaliser sur le long terme. L&#39;incertitude face \u00e0 l&#39;avenir et le monde d&#39;apr\u00e8s Covid-19 est une opportunit\u00e9 pour mettre en place des strat\u00e9gies innovantes de transformation digitale durables en prenant en compte des tendances cot\u00e9 offre et cot\u00e9 demande qui vont rester d&#39;actualit\u00e9.<br \/>\n\u00a0<\/p>\n<ul role=\"list\">\n<li aria-setsize=\"-1\" data-aria-level=\"1\" data-aria-posinset=\"1\" data-font=\"Symbol\" data-leveltext=\"\uf0b7\" data-listid=\"1\" role=\"listitem\">\n<p paraeid=\"{5ade86d1-2e5a-4507-805b-4a0cdfdcb8b2}{36}\" paraid=\"1936662335\">Quel r\u00f4le joue \u00e0 pr\u00e9sent le digital au sein des PME valaisannes\u202f?\u00a0<\/p>\n<\/li>\n<li aria-setsize=\"-1\" data-aria-level=\"1\" data-aria-posinset=\"2\" data-font=\"Symbol\" data-leveltext=\"\uf0b7\" data-listid=\"1\" role=\"listitem\">\n<p paraeid=\"{5ade86d1-2e5a-4507-805b-4a0cdfdcb8b2}{47}\" paraid=\"283364698\">Sous quelle forme la digitalisation s\u2019est-elle install\u00e9e dans les PME valaisannes\u202f?\u00a0<\/p>\n<\/li>\n<li aria-setsize=\"-1\" data-aria-level=\"1\" data-aria-posinset=\"1\" data-font=\"Symbol\" data-leveltext=\"\uf0b7\" data-listid=\"1\" role=\"listitem\">\n<p paraeid=\"{5ade86d1-2e5a-4507-805b-4a0cdfdcb8b2}{60}\" paraid=\"998893451\">Les strat\u00e9gies envisag\u00e9es l\u2019an dernier ont-t-elles finalement \u00e9t\u00e9 d\u00e9ploy\u00e9es\u202f?\u00a0\u00a0<\/p>\n<\/li>\n<\/ul>\n<p>\u00a0<\/p>\n<p>Pour r\u00e9pondre \u00e0 ces questions,\u00a0InnoVibes\u00a0a le plaisir\u00a0de compter sur\u00a0<a href=\"https:\/\/www.linkedin.com\/in\/alineisoz\/\" rel=\"noreferrer noopener\" target=\"_blank\">Aline\u00a0Isoz<\/a>\u00a0qui\u00a0animera\u00a0\u00e0 nouveau\u00a0la table ronde\u00a0cette ann\u00e9e.\u00a0Elle est la\u00a0fondatrice\u00a0de\u00a0la soci\u00e9t\u00e9\u00a0<a href=\"https:\/\/blackswan.swiss\/\" rel=\"noreferrer noopener\" target=\"_blank\">Blackswan<\/a>\u00a0et\u00a0administratrice ind\u00e9pendante.\u00a0<a href=\"https:\/\/www.linkedin.com\/in\/bertrand-fournier\/\" rel=\"noreferrer noopener\" target=\"_blank\">Bertrand Fournier<\/a>, directeur de\u00a0<a href=\"https:\/\/silicom.group\/\" rel=\"noreferrer noopener\" target=\"_blank\">Silicom\u00a0Group<\/a>\u00a0\u00e0\u00a0Sion,\u00a0<a href=\"https:\/\/www.linkedin.com\/in\/massimonobile\/\" rel=\"noreferrer noopener\" target=\"_blank\">Massimo Nobile<\/a>, directeur de\u00a0<a href=\"https:\/\/www.swissbiotechcenter.com\/\" rel=\"noreferrer noopener\" target=\"_blank\">Swiss\u00a0Biotech Center<\/a>\u00a0et\u00a0<a href=\"https:\/\/www.linkedin.com\/in\/gillesfiorio\/\" rel=\"noreferrer noopener\" target=\"_blank\">Gilles\u00a0Fiorio<\/a>, directeur de\u00a0<a href=\"https:\/\/synchrotech.ch\/\" rel=\"noreferrer noopener\" target=\"_blank\">Synchrotech<\/a>\u00a0\u00e0\u00a0Martigny\u00a0partageront leurs\u00a0exp\u00e9riences,\u00a0une ann\u00e9e plus tard.<\/p>\n<p>\n<strong>Rendez-vous le mardi 25 mai 2021 \u00a0<\/strong><br \/>\nCette rencontre digitale se d\u00e9roulera de 12h15 \u00e0 13h15 en direct sur YouTube. Les participants pourront poser leurs questions en ligne. A noter que la participation est gratuite, mais l\u2019inscription obligatoire. N\u2019h\u00e9sitez pas \u00e0 vous inscrire sur le <a href=\"https:\/\/www.innovibes.ch\/fr\/events\/?id=9400\" target=\"_blank\" rel=\"noopener\">site de l\u2019InnoVibes<\/a>.<\/p>\n<p>\u00a0<\/p>\n","protected":false},"excerpt":{"rendered":"<p>Le 25 mai prochain, la Fondation The\u00a0Ark\u00a0vous\u00a0propose une\u00a0table ronde\u00a0dans le cadre de\u00a0sa\u00a0prochaine\u00a0InnoVibes.\u00a0La crise du coronavirus a bouscul\u00e9 les pratiques de bon nombre de PME, en Valais comme ailleurs. Beaucoup d\u2019entre elles ont investi dans la digitalisation pour s\u2019adapter au semi-confinement qui touche la Suisse depuis plus d\u2019une ann\u00e9e. En juin 2020, nous nous demandions\u00a0dans le [&hellip;]<\/p>\n","protected":false},"author":1,"featured_media":7384,"comment_status":"closed","ping_status":"closed","sticky":false,"template":"","format":"standard","meta":{"_acf_changed":false,"footnotes":""},"categories":[186],"tags":[],"class_list":["post-7383","post","type-post","status-publish","format-standard","has-post-thumbnail","hentry","category-digital"],"acf":[],"_links":{"self":[{"href":"https:\/\/theark.ch\/fr\/wp-json\/wp\/v2\/posts\/7383","targetHints":{"allow":["GET"]}}],"collection":[{"href":"https:\/\/theark.ch\/fr\/wp-json\/wp\/v2\/posts"}],"about":[{"href":"https:\/\/theark.ch\/fr\/wp-json\/wp\/v2\/types\/post"}],"author":[{"embeddable":true,"href":"https:\/\/theark.ch\/fr\/wp-json\/wp\/v2\/users\/1"}],"replies":[{"embeddable":true,"href":"https:\/\/theark.ch\/fr\/wp-json\/wp\/v2\/comments?post=7383"}],"version-history":[{"count":0,"href":"https:\/\/theark.ch\/fr\/wp-json\/wp\/v2\/posts\/7383\/revisions"}],"wp:featuredmedia":[{"embeddable":true,"href":"https:\/\/theark.ch\/fr\/wp-json\/wp\/v2\/media\/7384"}],"wp:attachment":[{"href":"https:\/\/theark.ch\/fr\/wp-json\/wp\/v2\/media?parent=7383"}],"wp:term":[{"taxonomy":"category","embeddable":true,"href":"https:\/\/theark.ch\/fr\/wp-json\/wp\/v2\/categories?post=7383"},{"taxonomy":"post_tag","embeddable":true,"href":"https:\/\/theark.ch\/fr\/wp-json\/wp\/v2\/tags?post=7383"}],"curies":[{"name":"wp","href":"https:\/\/api.w.org\/{rel}","templated":true}]}}