{"id":7405,"date":"2021-06-08T18:49:00","date_gmt":"2021-06-08T16:49:00","guid":{"rendered":"http:\/\/theark.ch\/prochaine-innovibes-la-tokenisation-un-moyen-de-financement-pour-votre-start-up-ou-pme-10543\/"},"modified":"2021-06-08T18:49:00","modified_gmt":"2021-06-08T16:49:00","slug":"prochaine-innovibes-la-tokenisation-un-moyen-de-financement-pour-votre-start-up-ou-pme-10543","status":"publish","type":"post","link":"https:\/\/theark.ch\/fr\/news\/prochaine-innovibes-la-tokenisation-un-moyen-de-financement-pour-votre-start-up-ou-pme-10543\/","title":{"rendered":"Prochaine InnoVibes\u202f: \u00ab\u202fLa tok\u00e9nisation : un moyen de financement pour votre start-up ou PME ?\u202f\u00bb"},"content":{"rendered":"<p><strong>Le 17 juin prochain, la\u00a0<a href=\"http:\/\/theark.ch\/\" target=\"_blank\" rel=\"noopener\">Fondation The\u202fArk<\/a>\u202fpropose de se pencher sur le sujet de la tok\u00e9nisation comme moyen de financement pour votre PME. A cette occasion <a href=\"https:\/\/www.linkedin.com\/in\/alexandre-bonvin-9bbb5160\/\" target=\"_blank\" rel=\"noopener\">Alexandre Bonvin<\/a>, CEO et fondateur de <a href=\"https:\/\/www.audacia.co\/\" target=\"_blank\" rel=\"noopener\">Audacia Group<\/a> et <a href=\"https:\/\/www.linkedin.com\/in\/s%C3%A9bastien-dessimoz-a501a1159\/\" target=\"_blank\" rel=\"noopener\">S\u00e9bastien Dessimoz<\/a>, Co-fondateur et Managing Partner de <a href=\"https:\/\/www.taurushq.com\/en\" target=\"_blank\" rel=\"noopener\">Taurus Group SA<\/a> partageront leurs exp\u00e9riences au sujet de la tok\u00e9nisation et ses possibilit\u00e9s. N\u2019oubliez pas de vous inscrire sur le <a href=\"https:\/\/www.innovibes.ch\/fr\/events\/?id=9592\" target=\"_blank\" rel=\"noopener\">site d\u2019InnoVibes<\/a>\u202f!<\/strong><\/p>\n<p>De mani\u00e8re g\u00e9n\u00e9rale, la tok\u00e9nisation du capital des PME ou des start-up pourrait permettre de cr\u00e9er de nouveaux leviers de financement pour les entreprises, bas\u00e9s sur des march\u00e9s des capitaux digitalis\u00e9s, plus fluides, moins chers et tr\u00e8s s\u00e9curis\u00e9s.\u00a0<\/p>\n<ul>\n<li>Quels sont les pr\u00e9requis pour se lancer dans une op\u00e9ration de tok\u00e9nisation ?\u00a0<\/li>\n<li>Quels sont les risques et les avantages \u00e0 court et moyen terme ?\u00a0<\/li>\n<li>Est-ce un vrai moyen de financement pour les soci\u00e9t\u00e9s qui veulent cro\u00eetre ? \u00a0\u00a0<\/li>\n<li>Par o\u00f9 commencer ?\u00a0<\/li>\n<\/ul>\n<p>Pour r\u00e9pondre \u00e0 ces questions, \u00e9voquer et partager leurs exp\u00e9riences, InnoVibes et la Fondation The Ark ont le plaisir de recevoir Alexandre Bonvin, CEO du Groupe Audacia et S\u00e9bastien Dessimoz, co-fondateur de Taurus. Ceux-ci vous partageront leurs exp\u00e9riences et donneront de pr\u00e9cieux conseils sur le sujet. Il sera possible de leur poser des questions \u00e0 la fin de la conf\u00e9rence.<\/p>\n<p>\n<strong>R\u00e9servez la date du 17 juin !\u00a0<\/strong><br \/>\nCette rencontre digitale se tiendra sur YouTube de 12h15 \u00e0 13h15. La participation est gratuite, mais l\u2019inscription obligatoire. Si le th\u00e8me vous int\u00e9resse, n\u2019h\u00e9sitez pas \u00e0 vous inscrire sur le site de l\u2019InnoVibes. La participation est ouverte \u00e0 tous, donc parlez-en autour de vous !<\/p>\n<p>\u00a0<\/p>\n","protected":false},"excerpt":{"rendered":"<p>Le 17 juin prochain, la\u00a0Fondation The\u202fArk\u202fpropose de se pencher sur le sujet de la tok\u00e9nisation comme moyen de financement pour votre PME. A cette occasion Alexandre Bonvin, CEO et fondateur de Audacia Group et S\u00e9bastien Dessimoz, Co-fondateur et Managing Partner de Taurus Group SA partageront leurs exp\u00e9riences au sujet de la tok\u00e9nisation et ses possibilit\u00e9s. [&hellip;]<\/p>\n","protected":false},"author":1,"featured_media":7406,"comment_status":"closed","ping_status":"closed","sticky":false,"template":"","format":"standard","meta":{"_acf_changed":false,"footnotes":""},"categories":[186],"tags":[],"class_list":["post-7405","post","type-post","status-publish","format-standard","has-post-thumbnail","hentry","category-digital"],"acf":[],"_links":{"self":[{"href":"https:\/\/theark.ch\/fr\/wp-json\/wp\/v2\/posts\/7405","targetHints":{"allow":["GET"]}}],"collection":[{"href":"https:\/\/theark.ch\/fr\/wp-json\/wp\/v2\/posts"}],"about":[{"href":"https:\/\/theark.ch\/fr\/wp-json\/wp\/v2\/types\/post"}],"author":[{"embeddable":true,"href":"https:\/\/theark.ch\/fr\/wp-json\/wp\/v2\/users\/1"}],"replies":[{"embeddable":true,"href":"https:\/\/theark.ch\/fr\/wp-json\/wp\/v2\/comments?post=7405"}],"version-history":[{"count":0,"href":"https:\/\/theark.ch\/fr\/wp-json\/wp\/v2\/posts\/7405\/revisions"}],"wp:featuredmedia":[{"embeddable":true,"href":"https:\/\/theark.ch\/fr\/wp-json\/wp\/v2\/media\/7406"}],"wp:attachment":[{"href":"https:\/\/theark.ch\/fr\/wp-json\/wp\/v2\/media?parent=7405"}],"wp:term":[{"taxonomy":"category","embeddable":true,"href":"https:\/\/theark.ch\/fr\/wp-json\/wp\/v2\/categories?post=7405"},{"taxonomy":"post_tag","embeddable":true,"href":"https:\/\/theark.ch\/fr\/wp-json\/wp\/v2\/tags?post=7405"}],"curies":[{"name":"wp","href":"https:\/\/api.w.org\/{rel}","templated":true}]}}