{"id":7427,"date":"2021-09-09T18:45:00","date_gmt":"2021-09-09T16:45:00","guid":{"rendered":"http:\/\/theark.ch\/mobilite-un-appel-a-projets-pour-relever-les-defis-de-sion-et-du-valais-10619\/"},"modified":"2021-09-09T18:45:00","modified_gmt":"2021-09-09T16:45:00","slug":"mobilite-un-appel-a-projets-pour-relever-les-defis-de-sion-et-du-valais-10619","status":"publish","type":"post","link":"https:\/\/theark.ch\/fr\/news\/mobilite-un-appel-a-projets-pour-relever-les-defis-de-sion-et-du-valais-10619\/","title":{"rendered":"Mobilit\u00e9: un appel \u00e0 projets pour relever les d\u00e9fis de Sion et du Valais !"},"content":{"rendered":"<p><strong>Le Mobility Lab Sion Valais, la Fondation The Ark et CleantechAlps lancent la deuxi\u00e8me \u00e9dition de l\u2019appel \u00e0 projets I like to move it. A partir de probl\u00e9matiques concr\u00e8tes v\u00e9cues par la Ville de Sion et le Canton du Valais, les candidats disposent d\u2019un mois pour proposer une solution concr\u00e8te \u00e0 leur d\u00e9fi de mobilit\u00e9. La proposition la plus prometteuse recevra un ch\u00e8que de CHF 10&#39;000.- ainsi que la possibilit\u00e9 de tester son projet \u00ab sur le terrain \u00bb. Cette seconde \u00e9dition d\u2019<em>I like to move it<\/em> est lanc\u00e9e dans le cadre de la Semaine europ\u00e9enne de la mobilit\u00e9 (16-22 septembre).<\/strong><\/p>\n<p>Comment valoriser les diverses offres de mobilit\u00e9 alternative de la Ville de Sion et diminuer l\u2019usage des v\u00e9hicules individuels motoris\u00e9s? Comment mieux faire conna\u00eetre les avantages potentiels de ces offres pour la population en g\u00e9n\u00e9ral ? Comment mieux vivre ensemble dans les centres urbains ? Comment laisser une place ad\u00e9quate \u00e0 tous les usagers de l\u2019espace public ? Comment am\u00e9liorer la prise de conscience de l\u2019usager de la route de ses nuisances potentielles ? Ces questions sont au c\u0153ur des deux d\u00e9fis d\u00e9pos\u00e9s par la Ville de Sion et le Canton du Valais dans le cadre de l\u2019appel \u00e0 projets <a href=\"https:\/\/iliketomoveit.ch\/\" target=\"_blank\" rel=\"noopener\"><em>I like to move it<\/em><\/a>.<\/p>\n<p>Concr\u00e8tement, toutes les entreprises ou institutions acad\u00e9miques avec une id\u00e9e ou une solution pour r\u00e9soudre ces d\u00e9fis sont invit\u00e9es \u00e0 d\u00e9poser leur proposition jusqu\u2019au <strong>15 octobre \u00e0 minuit<\/strong>. Le formulaire de candidature peut \u00eatre t\u00e9l\u00e9charg\u00e9 et compl\u00e9t\u00e9 depuis le site <a href=\"https:\/\/iliketomoveit.ch\/\" target=\"_blank\" rel=\"noopener\">www.iliketomoveit.ch<\/a>. Les entreprises qui disposent d\u2019une solution de mobilit\u00e9 intelligente, durable et propre, m\u00eame sans lien direct avec les d\u00e9fis propos\u00e9s, sont \u00e9galement encourag\u00e9es \u00e0 participer.<\/p>\n<p>Une attention particuli\u00e8re sera port\u00e9e aux projets cr\u00e9atifs et innovants, capables de d\u00e9montrer le potentiel \u00e9conomique, la valeur ajout\u00e9e et la faisabilit\u00e9 de leur id\u00e9e.<\/p>\n<p>\u00a0<\/p>\n<p><strong>CHF 10&#39;000.- cash \u00e0 la cl\u00e9 et un soutien concret au d\u00e9veloppement de la solution<\/strong><br \/>\nLe projet gagnant sera r\u00e9compens\u00e9 d\u2019un montant de CHF 10&#39;000.- cash avec la possibilit\u00e9 de tester et adapter sur le terrain la solution propos\u00e9e, avec le soutien de la <a href=\"https:\/\/www.sion.ch\/\" target=\"_blank\" rel=\"noopener\">Ville de Sion<\/a>, du <a href=\"https:\/\/www.vs.ch\/\" target=\"_blank\" rel=\"noopener\">Canton du Valais<\/a> et des partenaires du <a href=\"https:\/\/www.mobilitylab.ch\/fr\/\" target=\"_blank\" rel=\"noopener\">Mobility Lab Sion Valais<\/a>. Les organisateurs d\u2019<em>I like to move it<\/em> proposent \u00e9galement d\u2019accompagner et de soutenir le d\u00e9veloppement de la solution et la suite des d\u00e9marches. Une mani\u00e8re de r\u00e9compenser les efforts fournis et d\u2019accompagner efficacement la r\u00e9alisation du projet\u2009!<\/p>\n<p>Lanc\u00e9 en septembre 2020,<em> I like to move it <\/em>souhaite permettre le d\u00e9veloppement de solutions innovantes en lien avec la mobilit\u00e9. Pas moins de 28 dossiers avaient \u00e9t\u00e9 d\u00e9pos\u00e9s, avec de nombreuses id\u00e9es innovantes pour r\u00e9volutionner le secteur de la mobilit\u00e9. Le projet de pile \u00e0 combustible compacte et l\u00e9g\u00e8re, d\u00e9pos\u00e9 par l\u2019entreprise EH Group Engineering avait obtenu les faveurs du jury.<\/p>\n<p>\u00a0<\/p>\n","protected":false},"excerpt":{"rendered":"<p>Le Mobility Lab Sion Valais, la Fondation The Ark et CleantechAlps lancent la deuxi\u00e8me \u00e9dition de l\u2019appel \u00e0 projets I like to move it. A partir de probl\u00e9matiques concr\u00e8tes v\u00e9cues par la Ville de Sion et le Canton du Valais, les candidats disposent d\u2019un mois pour proposer une solution concr\u00e8te \u00e0 leur d\u00e9fi de mobilit\u00e9. [&hellip;]<\/p>\n","protected":false},"author":1,"featured_media":7428,"comment_status":"closed","ping_status":"closed","sticky":false,"template":"","format":"standard","meta":{"_acf_changed":false,"footnotes":""},"categories":[186],"tags":[],"class_list":["post-7427","post","type-post","status-publish","format-standard","has-post-thumbnail","hentry","category-digital"],"acf":[],"_links":{"self":[{"href":"https:\/\/theark.ch\/fr\/wp-json\/wp\/v2\/posts\/7427","targetHints":{"allow":["GET"]}}],"collection":[{"href":"https:\/\/theark.ch\/fr\/wp-json\/wp\/v2\/posts"}],"about":[{"href":"https:\/\/theark.ch\/fr\/wp-json\/wp\/v2\/types\/post"}],"author":[{"embeddable":true,"href":"https:\/\/theark.ch\/fr\/wp-json\/wp\/v2\/users\/1"}],"replies":[{"embeddable":true,"href":"https:\/\/theark.ch\/fr\/wp-json\/wp\/v2\/comments?post=7427"}],"version-history":[{"count":0,"href":"https:\/\/theark.ch\/fr\/wp-json\/wp\/v2\/posts\/7427\/revisions"}],"wp:featuredmedia":[{"embeddable":true,"href":"https:\/\/theark.ch\/fr\/wp-json\/wp\/v2\/media\/7428"}],"wp:attachment":[{"href":"https:\/\/theark.ch\/fr\/wp-json\/wp\/v2\/media?parent=7427"}],"wp:term":[{"taxonomy":"category","embeddable":true,"href":"https:\/\/theark.ch\/fr\/wp-json\/wp\/v2\/categories?post=7427"},{"taxonomy":"post_tag","embeddable":true,"href":"https:\/\/theark.ch\/fr\/wp-json\/wp\/v2\/tags?post=7427"}],"curies":[{"name":"wp","href":"https:\/\/api.w.org\/{rel}","templated":true}]}}