{"id":7511,"date":"2021-11-15T14:57:00","date_gmt":"2021-11-15T13:57:00","guid":{"rendered":"http:\/\/theark.ch\/emissium-la-start-up-qui-traque-le-carbone-dans-lelectricite-10682\/"},"modified":"2021-11-15T14:57:00","modified_gmt":"2021-11-15T12:57:00","slug":"emissium-la-start-up-qui-traque-le-carbone-dans-lelectricite-10682","status":"publish","type":"post","link":"https:\/\/theark.ch\/fr\/news\/emissium-la-start-up-qui-traque-le-carbone-dans-lelectricite-10682\/","title":{"rendered":"Emissium\u2009: la start-up qui traque le carbone dans l\u2019\u00e9lectricit\u00e9"},"content":{"rendered":"<p><strong>Les \u00e9missions de carbone sont de plus en plus probl\u00e9matiques \u00e0 l\u2019\u00e9chelle de la plan\u00e8te. La r\u00e9cente COP26 de Glasgow en a abondamment parl\u00e9. Pourtant, le carbone reste tr\u00e8s difficile \u00e0 quantifier pour le commun des mortels. Emissium, une nouvelle start-up issue du laboratoire EPFL du professeur Fran\u00e7ois Mar\u00e9chal, souhaite rendre davantage visibles les \u00e9missions de carbone \u00e9mises par la population. Bas\u00e9 au Campus Energypolis, ce nouveau projet innovant est h\u00e9berg\u00e9 et accompagn\u00e9 par l\u2019Incubateur de start-up de la Fondation The Ark.<\/strong><\/p>\n<p>\u00ab\u2009Comment calculer l\u2019intensit\u00e9 du carbone pr\u00e9sente dans l\u2019\u00e9lectricit\u00e9 que l\u2019on consomme\u2009: c\u2019est le point de d\u00e9part de notre start-up\u2009\u00bb, pr\u00e9cise d\u2019embl\u00e9e Alessio Santecchia, l\u2019un des co-fondateurs de Emissium. Le carbone et ses \u00e9missions sont tr\u00e8s compliqu\u00e9s \u00e0 calculer. \u00ab\u2009Notre but est d\u2019am\u00e9liorer la conscience de la population vis-\u00e0-vis des \u00e9missions de CO2\u2009\u00bb.<br \/>\n\u00a0<\/p>\n<p><strong>25% d\u2019\u00e9missions en moins\u2009?<\/strong><br \/>\nLe but ultime d\u2019Emissium est de proposer une application qui serait disponible \u00e0 la maison pour traquer en direct le CO2 \u00e9mis par chaque personne. Que ce soit en utilisant de la lumi\u00e8re, en prenant une douche ou en faisant la cuisine. \u00ab\u2009Pour l\u2019heure, notre premier d\u00e9fi est de pouvoir avoir acc\u00e8s aux donn\u00e9es. Il est important de convaincre les distributeurs de partager leurs donn\u00e9es\u2009\u00bb, selon Alessio Santecchia. La start-up en cr\u00e9ation s\u2019appuiera notamment sur la blockchain pour s\u00e9curiser les donn\u00e9es.<\/p>\n<p>Selon Emissium, il serait possible de diminuer jusqu\u2019\u00e0 25% des \u00e9missions totales en sensibilisant mieux et en direct les personnes. Le jeu en vaut donc la chandelle\u2009!<\/p>\n<p>\n\u00a0<\/p>\n","protected":false},"excerpt":{"rendered":"<p>Les \u00e9missions de carbone sont de plus en plus probl\u00e9matiques \u00e0 l\u2019\u00e9chelle de la plan\u00e8te. La r\u00e9cente COP26 de Glasgow en a abondamment parl\u00e9. Pourtant, le carbone reste tr\u00e8s difficile \u00e0 quantifier pour le commun des mortels. Emissium, une nouvelle start-up issue du laboratoire EPFL du professeur Fran\u00e7ois Mar\u00e9chal, souhaite rendre davantage visibles les \u00e9missions [&hellip;]<\/p>\n","protected":false},"author":1,"featured_media":7512,"comment_status":"closed","ping_status":"closed","sticky":false,"template":"","format":"standard","meta":{"_acf_changed":false,"footnotes":""},"categories":[186],"tags":[],"class_list":["post-7511","post","type-post","status-publish","format-standard","has-post-thumbnail","hentry","category-digital"],"acf":[],"_links":{"self":[{"href":"https:\/\/theark.ch\/fr\/wp-json\/wp\/v2\/posts\/7511","targetHints":{"allow":["GET"]}}],"collection":[{"href":"https:\/\/theark.ch\/fr\/wp-json\/wp\/v2\/posts"}],"about":[{"href":"https:\/\/theark.ch\/fr\/wp-json\/wp\/v2\/types\/post"}],"author":[{"embeddable":true,"href":"https:\/\/theark.ch\/fr\/wp-json\/wp\/v2\/users\/1"}],"replies":[{"embeddable":true,"href":"https:\/\/theark.ch\/fr\/wp-json\/wp\/v2\/comments?post=7511"}],"version-history":[{"count":0,"href":"https:\/\/theark.ch\/fr\/wp-json\/wp\/v2\/posts\/7511\/revisions"}],"wp:featuredmedia":[{"embeddable":true,"href":"https:\/\/theark.ch\/fr\/wp-json\/wp\/v2\/media\/7512"}],"wp:attachment":[{"href":"https:\/\/theark.ch\/fr\/wp-json\/wp\/v2\/media?parent=7511"}],"wp:term":[{"taxonomy":"category","embeddable":true,"href":"https:\/\/theark.ch\/fr\/wp-json\/wp\/v2\/categories?post=7511"},{"taxonomy":"post_tag","embeddable":true,"href":"https:\/\/theark.ch\/fr\/wp-json\/wp\/v2\/tags?post=7511"}],"curies":[{"name":"wp","href":"https:\/\/api.w.org\/{rel}","templated":true}]}}