{"id":7659,"date":"2022-06-28T11:42:00","date_gmt":"2022-06-28T09:42:00","guid":{"rendered":"http:\/\/theark.ch\/comment-bien-se-preparer-a-la-vague-du-numerique-10862\/"},"modified":"2022-06-28T11:42:00","modified_gmt":"2022-06-28T09:42:00","slug":"comment-bien-se-preparer-a-la-vague-du-numerique-10862","status":"publish","type":"post","link":"https:\/\/theark.ch\/fr\/news\/comment-bien-se-preparer-a-la-vague-du-numerique-10862\/","title":{"rendered":"Comment bien se pr\u00e9parer \u00e0 la vague du num\u00e9rique ?"},"content":{"rendered":"<p><strong>Le Digital Xchange groupe de discussion s\u2019inscrit dans la s\u00e9rie de groupes de discussion publics \u201cdigital Xchange\u201d, organis\u00e9e par la Fondation <a href=\"https:\/\/digitalswitzerland.com\/\" target=\"_blank\" rel=\"noopener\">digitalswitzerland<\/a> en collaboration avec la <a href=\"https:\/\/www.hevs.ch\/fr\/intro\" target=\"_blank\" rel=\"noopener\">HES-SO Valais<\/a> et le <a href=\"https:\/\/swissdigitalcenter.ch\/fr\/\" target=\"_blank\" rel=\"noopener\">Swiss Digital Center<\/a>. L\u2019objectif est d\u2019inviter la population suisse \u00e0 venir discuter des opportunit\u00e9s et d\u00e9fis li\u00e9s \u00e0 la transformation num\u00e9rique. Ces groupes de discussion sont organis\u00e9s \u00e0 travers la Suisse et permettent ainsi de recueillir les principales craintes et espoirs de la population.<\/strong><\/p>\n<p>Les exigences en mati\u00e8re de comp\u00e9tences num\u00e9riques \u00e9voluent rapidement et constamment. Pour \u00eatre attractif sur le march\u00e9 du travail, s\u2019int\u00e9grer socialement et culturellement, l\u2019utilisation du num\u00e9rique est une condition sine qua non. Pour cela, il est n\u00e9cessaire de d\u00e9finir et de g\u00e9n\u00e9raliser une formation ad\u00e9quate permettant \u00e0 chacun-e d\u2019acqu\u00e9rir un ensemble appropri\u00e9 d\u2019usages garantissant une utilisation s\u00fbre et b\u00e9n\u00e9fique des technologies num\u00e9riques.<\/p>\n<p>\nLe 29 juin 2022, vous pourrez pr\u00e9cis\u00e9ment vous informer et \u00e9changer sur cette th\u00e9matique. Discutez en petits groupes de vos espoirs et de vos craintes concernant la transformation num\u00e9rique et son impact sur votre vie. Partagez vos points de vue et \u00e9coutez les exp\u00e9riences des autres.\u00a0<\/p>\n<p>\nAucune pr\u00e9paration n\u2019est requise, des experts seront pr\u00e9sents pour introduire la th\u00e9matique !<\/p>\n<p>\nLa participation est gratuite, inscrivez-vous : <a href=\"https:\/\/www.eventbrite.ch\/e\/digital-xchange-groupe-de-discussion-2022-tickets-347950829297?utm-campaign=social&#038;utm-content=attendeeshare&#038;utm-medium=discovery&#038;utm-term=listing&#038;utm-source=cp&#038;aff=escb\" target=\"_blank\" rel=\"noopener\">https:\/\/bit.ly\/3Q035ON<\/a><\/p>\n<p>\n<strong>Quand et o\u00f9 ?<\/strong><\/p>\n<ul>\n<li>le 29 juin 2022<\/li>\n<li>de 18:00 \u00e0 20:00 suivi d\u2019un ap\u00e9ritif<\/li>\n<li>ouverture des portes d\u00e8s 17:30, merci de venir \u00e0 l\u2019heure<\/li>\n<li>Swiss Digital Center, 3 Rue de Technop\u00f4le, 3960 Sierre, Salle Electra, B\u00e2timent 10 (bus num\u00e9ro 4 depuis la gare \/ parking sur place).<br \/>\n\t\u00a0<\/li>\n<\/ul>\n","protected":false},"excerpt":{"rendered":"<p>Le Digital Xchange groupe de discussion s\u2019inscrit dans la s\u00e9rie de groupes de discussion publics \u201cdigital Xchange\u201d, organis\u00e9e par la Fondation digitalswitzerland en collaboration avec la HES-SO Valais et le Swiss Digital Center. L\u2019objectif est d\u2019inviter la population suisse \u00e0 venir discuter des opportunit\u00e9s et d\u00e9fis li\u00e9s \u00e0 la transformation num\u00e9rique. Ces groupes de discussion [&hellip;]<\/p>\n","protected":false},"author":1,"featured_media":7660,"comment_status":"closed","ping_status":"closed","sticky":false,"template":"","format":"standard","meta":{"_acf_changed":false,"footnotes":""},"categories":[186],"tags":[],"class_list":["post-7659","post","type-post","status-publish","format-standard","has-post-thumbnail","hentry","category-digital"],"acf":[],"_links":{"self":[{"href":"https:\/\/theark.ch\/fr\/wp-json\/wp\/v2\/posts\/7659","targetHints":{"allow":["GET"]}}],"collection":[{"href":"https:\/\/theark.ch\/fr\/wp-json\/wp\/v2\/posts"}],"about":[{"href":"https:\/\/theark.ch\/fr\/wp-json\/wp\/v2\/types\/post"}],"author":[{"embeddable":true,"href":"https:\/\/theark.ch\/fr\/wp-json\/wp\/v2\/users\/1"}],"replies":[{"embeddable":true,"href":"https:\/\/theark.ch\/fr\/wp-json\/wp\/v2\/comments?post=7659"}],"version-history":[{"count":0,"href":"https:\/\/theark.ch\/fr\/wp-json\/wp\/v2\/posts\/7659\/revisions"}],"wp:featuredmedia":[{"embeddable":true,"href":"https:\/\/theark.ch\/fr\/wp-json\/wp\/v2\/media\/7660"}],"wp:attachment":[{"href":"https:\/\/theark.ch\/fr\/wp-json\/wp\/v2\/media?parent=7659"}],"wp:term":[{"taxonomy":"category","embeddable":true,"href":"https:\/\/theark.ch\/fr\/wp-json\/wp\/v2\/categories?post=7659"},{"taxonomy":"post_tag","embeddable":true,"href":"https:\/\/theark.ch\/fr\/wp-json\/wp\/v2\/tags?post=7659"}],"curies":[{"name":"wp","href":"https:\/\/api.w.org\/{rel}","templated":true}]}}