{"id":7703,"date":"2022-10-04T15:32:00","date_gmt":"2022-10-04T13:32:00","guid":{"rendered":"http:\/\/theark.ch\/startcup-challenge-une-entreprise-valaisanne-en-lice-pour-la-finale-10936\/"},"modified":"2022-10-04T15:32:00","modified_gmt":"2022-10-04T13:32:00","slug":"startcup-challenge-une-entreprise-valaisanne-en-lice-pour-la-finale-10936","status":"publish","type":"post","link":"https:\/\/theark.ch\/fr\/news\/startcup-challenge-une-entreprise-valaisanne-en-lice-pour-la-finale-10936\/","title":{"rendered":"Startcup Challenge : une entreprise valaisanne en lice pour la finale !"},"content":{"rendered":"<p><strong>Lanc\u00e9 par Nespresso Suisse et B Lab Suisse, le Swiss Startcup Challenge a pour vocation de donner un \u00e9lan au mouvement de durabilit\u00e9 et d\u2019inclusion dans les affaires. D\u00e9couvrez les 9 projets circulaires encore en lice, dont, pour la cat\u00e9gorie PME, l\u2019entreprise innovante valaisanne, Redelec ! Votez pour soutenir la candidature valaisanne et d\u00e9signer le grand gagnant par cat\u00e9gorie.\u00a0<\/strong><\/p>\n<p>Nespresso Suisse et B Lab Suisse ont mis sur pied le <a href=\"https:\/\/startcup.nespresso.com\/fr\" target=\"_blank\" rel=\"noopener\">Swiss Startcup Challenge<\/a> pour amener une transition radicale : s\u2019\u00e9loigner de l\u2019\u00e9conomie lin\u00e9aire pour aller vers l\u2019\u00e9conomie circulaire. Pour atteindre ce but, ils ont lanc\u00e9 un appel \u00e0 candidatures de solutions circulaires en Suisse.<\/p>\n<p>De nombreuses candidatures ont \u00e9t\u00e9 d\u00e9pos\u00e9es durant l\u2019\u00e9t\u00e9. \u00c0 la fin ao\u00fbt, un jury d\u2019experts a proc\u00e9d\u00e9 \u00e0 la s\u00e9lection des finalistes. \u00a0\u00c0 l\u2019issue d\u2019un processus de s\u00e9lection, men\u00e9 par un comit\u00e9 interne et un jury du Startcup Challenge, trois \u00e9tudiants, trois\u00a0start-up\u00a0et trois\u00a0PME ont \u00e9t\u00e9 s\u00e9lectionn\u00e9s pour \u00eatre d\u00e9partag\u00e9s en finale par le vote du public.<br \/>\n\u00a0<\/p>\n<p><strong>Redelec, bel exemple d\u2019\u00e9conomie circulaire<\/strong><br \/>\nEn lice pour la finale du Startcup Challenge, dans la cat\u00e9gorie PME, l\u2019entreprise <a href=\"https:\/\/www.redelec.ch\/fr\/\" target=\"_blank\" rel=\"noopener\">Redelec<\/a>, bas\u00e9e Riddes, a d\u00e9velopp\u00e9 un r\u00e9acteur \u00e9lectrochimique, c\u2019est-\u00e0-dire une machine qui parvient \u00e0 extraire les m\u00e9taux pr\u00e9sents dans les d\u00e9chets pour les r\u00e9cup\u00e9rer et les remettre dans le circuit de production.<\/p>\n<p>Cette solution innovante permet une meilleure gestion des d\u00e9chets et \u00e9vite l\u2019extraction et l\u2019importation de m\u00e9taux, qui sont une ressource \u00e9puisable.<br \/>\n\u00a0<\/p>\n<p><strong>Chaque vote compte : votez avant le 26 octobre !<\/strong><br \/>\nSoutenez les meilleurs projets et tentez de remporter un an de caf\u00e9 offert. Dans la cat\u00e9gorie PME, l\u2019entreprise valaisanne, Redelec vous remercie par avance de votre soutien.<\/p>\n<p><strong>Votez ici <\/strong>\u00a0: <a href=\"https:\/\/startcup.nespresso.com\/fr\/vote\" target=\"_blank\" rel=\"noopener\">https:\/\/startcup.nespresso.com\/fr\/vote<\/a><\/p>\n<p>\u00a0<\/p>\n","protected":false},"excerpt":{"rendered":"<p>Lanc\u00e9 par Nespresso Suisse et B Lab Suisse, le Swiss Startcup Challenge a pour vocation de donner un \u00e9lan au mouvement de durabilit\u00e9 et d\u2019inclusion dans les affaires. D\u00e9couvrez les 9 projets circulaires encore en lice, dont, pour la cat\u00e9gorie PME, l\u2019entreprise innovante valaisanne, Redelec ! Votez pour soutenir la candidature valaisanne et d\u00e9signer le [&hellip;]<\/p>\n","protected":false},"author":1,"featured_media":7704,"comment_status":"closed","ping_status":"closed","sticky":false,"template":"","format":"standard","meta":{"_acf_changed":false,"footnotes":""},"categories":[186],"tags":[],"class_list":["post-7703","post","type-post","status-publish","format-standard","has-post-thumbnail","hentry","category-digital"],"acf":[],"_links":{"self":[{"href":"https:\/\/theark.ch\/fr\/wp-json\/wp\/v2\/posts\/7703","targetHints":{"allow":["GET"]}}],"collection":[{"href":"https:\/\/theark.ch\/fr\/wp-json\/wp\/v2\/posts"}],"about":[{"href":"https:\/\/theark.ch\/fr\/wp-json\/wp\/v2\/types\/post"}],"author":[{"embeddable":true,"href":"https:\/\/theark.ch\/fr\/wp-json\/wp\/v2\/users\/1"}],"replies":[{"embeddable":true,"href":"https:\/\/theark.ch\/fr\/wp-json\/wp\/v2\/comments?post=7703"}],"version-history":[{"count":0,"href":"https:\/\/theark.ch\/fr\/wp-json\/wp\/v2\/posts\/7703\/revisions"}],"wp:featuredmedia":[{"embeddable":true,"href":"https:\/\/theark.ch\/fr\/wp-json\/wp\/v2\/media\/7704"}],"wp:attachment":[{"href":"https:\/\/theark.ch\/fr\/wp-json\/wp\/v2\/media?parent=7703"}],"wp:term":[{"taxonomy":"category","embeddable":true,"href":"https:\/\/theark.ch\/fr\/wp-json\/wp\/v2\/categories?post=7703"},{"taxonomy":"post_tag","embeddable":true,"href":"https:\/\/theark.ch\/fr\/wp-json\/wp\/v2\/tags?post=7703"}],"curies":[{"name":"wp","href":"https:\/\/api.w.org\/{rel}","templated":true}]}}