{"id":7755,"date":"2023-01-24T09:02:00","date_gmt":"2023-01-24T08:02:00","guid":{"rendered":"http:\/\/theark.ch\/40-projets-de-start-up-accompagnes-par-lincubateur-the-ark-en-2022-11024\/"},"modified":"2023-01-24T09:02:00","modified_gmt":"2023-01-24T07:02:00","slug":"40-projets-de-start-up-accompagnes-par-lincubateur-the-ark-en-2022-11024","status":"publish","type":"post","link":"https:\/\/theark.ch\/fr\/news\/40-projets-de-start-up-accompagnes-par-lincubateur-the-ark-en-2022-11024\/","title":{"rendered":"40 projets de start-up accompagn\u00e9s par l\u2019Incubateur The Ark en 2022"},"content":{"rendered":"<p><strong>L\u2019\u00e9cosyst\u00e8me start-up de la Fondation The Ark est dense. En 2022, pas moins de 40 projets ont \u00e9t\u00e9 accompagn\u00e9s par l\u2019<a href=\"http:\/\/theark.ch\/page\/le-partenaire-privilegie-des-createurs-d-entreprise-1692\" target=\"_blank\" rel=\"noopener\">Incubateur The Ark<\/a>. \u00ab Ces projets ont pu b\u00e9n\u00e9ficier de diff\u00e9rents soutiens, de locaux dans les sites technologiques de The Ark ainsi que d\u2019une mise en r\u00e9seau avec les diff\u00e9rents acteurs \u00e9conomiques en Valais, en Suisse et m\u00eame \u00e0 l\u2019\u00e9tranger \u00bb, rappelle S\u00e9bastien Mabillard, responsable de l\u2019Incubateur.<\/strong><\/p>\n<p>\nAu d\u00e9but janvier, 26 start-up diff\u00e9rentes \u00e9taient pr\u00e9sentes dans l\u2019Incubateur. \u00ab Quelques-unes sont d\u00e9j\u00e0 tr\u00e8s matures, d\u2019autres sont en d\u00e9marrage \u00bb. Parmi ces start-up, certaines, \u00e0 l\u2019image de <a href=\"http:\/\/www.mobyfly.com\" target=\"_blank\" rel=\"noopener\">MobyFly<\/a>, <a href=\"http:\/\/www.dufour.aero\" target=\"_blank\" rel=\"noopener\">Dufour Aerospace<\/a>, <a href=\"http:\/\/www.depoly.co\" target=\"_blank\" rel=\"noopener\">DePoly<\/a> et <a href=\"http:\/\/www.urb.io\" target=\"_blank\" rel=\"noopener\">Urbio<\/a> sont r\u00e9guli\u00e8rement repr\u00e9sent\u00e9es dans le Top 100 suisse. \u00ab L\u2019an dernier, le Valais a figur\u00e9 au quatri\u00e8me rang national de ce Top 100, ce qui prouve la dynamique de l\u2019\u00e9cosyst\u00e8me valaisan\u00bb, selon S\u00e9bastien Mabillard.<br \/>\n\u00a0<\/p>\n<p><strong>Un suivi proactif et des rencontres th\u00e9matiques<\/strong><br \/>\nAfin de permettre un maximum d\u2019\u00e9changes, l\u2019Incubateur met en place un programme annuel, avec des rencontres th\u00e9matiques, qui permettent d\u2019approfondir des sujets comme la gouvernance, la vente digitale ou l\u2019art du pitch. Ces rencontres sont compl\u00e9t\u00e9es par de l\u2019accompagnement proactif et r\u00e9gulier par des coachs ainsi que des \u00e9v\u00e8nements plus informels.<br \/>\n\u00a0<\/p>\n<p><strong>Informations compl\u00e9mentaires<\/strong> : <a href=\"https:\/\/incubateur.theark.ch\" target=\"_blank\" rel=\"noopener\">http:\/\/theark.ch\/inc<\/a><a href=\"http:\/\/theark.ch\/page\/le-partenaire-privilegie-des-createurs-d-entreprise-1692\" target=\"_blank\" rel=\"noopener\">ubateur<\/a><\/p>\n","protected":false},"excerpt":{"rendered":"<p>L\u2019\u00e9cosyst\u00e8me start-up de la Fondation The Ark est dense. En 2022, pas moins de 40 projets ont \u00e9t\u00e9 accompagn\u00e9s par l\u2019Incubateur The Ark. \u00ab Ces projets ont pu b\u00e9n\u00e9ficier de diff\u00e9rents soutiens, de locaux dans les sites technologiques de The Ark ainsi que d\u2019une mise en r\u00e9seau avec les diff\u00e9rents acteurs \u00e9conomiques en Valais, en [&hellip;]<\/p>\n","protected":false},"author":1,"featured_media":7756,"comment_status":"closed","ping_status":"closed","sticky":false,"template":"","format":"standard","meta":{"_acf_changed":false,"footnotes":""},"categories":[186],"tags":[],"class_list":["post-7755","post","type-post","status-publish","format-standard","has-post-thumbnail","hentry","category-digital"],"acf":[],"_links":{"self":[{"href":"https:\/\/theark.ch\/fr\/wp-json\/wp\/v2\/posts\/7755","targetHints":{"allow":["GET"]}}],"collection":[{"href":"https:\/\/theark.ch\/fr\/wp-json\/wp\/v2\/posts"}],"about":[{"href":"https:\/\/theark.ch\/fr\/wp-json\/wp\/v2\/types\/post"}],"author":[{"embeddable":true,"href":"https:\/\/theark.ch\/fr\/wp-json\/wp\/v2\/users\/1"}],"replies":[{"embeddable":true,"href":"https:\/\/theark.ch\/fr\/wp-json\/wp\/v2\/comments?post=7755"}],"version-history":[{"count":0,"href":"https:\/\/theark.ch\/fr\/wp-json\/wp\/v2\/posts\/7755\/revisions"}],"wp:featuredmedia":[{"embeddable":true,"href":"https:\/\/theark.ch\/fr\/wp-json\/wp\/v2\/media\/7756"}],"wp:attachment":[{"href":"https:\/\/theark.ch\/fr\/wp-json\/wp\/v2\/media?parent=7755"}],"wp:term":[{"taxonomy":"category","embeddable":true,"href":"https:\/\/theark.ch\/fr\/wp-json\/wp\/v2\/categories?post=7755"},{"taxonomy":"post_tag","embeddable":true,"href":"https:\/\/theark.ch\/fr\/wp-json\/wp\/v2\/tags?post=7755"}],"curies":[{"name":"wp","href":"https:\/\/api.w.org\/{rel}","templated":true}]}}