{"id":7821,"date":"2023-02-10T09:10:00","date_gmt":"2023-02-10T08:10:00","guid":{"rendered":"http:\/\/theark.ch\/top-100-des-entreprises-informatiques-romandes-le-valais-bien-place-11041\/"},"modified":"2023-02-10T09:10:00","modified_gmt":"2023-02-10T07:10:00","slug":"top-100-des-entreprises-informatiques-romandes-le-valais-bien-place-11041","status":"publish","type":"post","link":"https:\/\/theark.ch\/fr\/news\/top-100-des-entreprises-informatiques-romandes-le-valais-bien-place-11041\/","title":{"rendered":"Top 100 des entreprises informatiques romandes\u2009: le Valais bien plac\u00e9\u2009!"},"content":{"rendered":"<p><strong>Le magazine <a href=\"https:\/\/www.ictjournal.ch\" target=\"_blank\" rel=\"noopener\">ICT Journal<\/a> a publi\u00e9\u00a0son Top 100 des plus grands fournisseurs IT de Suisse romande. Pas moins de sept entreprises valaisannes, dont deux succursales, y figurent. C\u2019est Groupe T2i qui est la plus importante PME du canton dans le domaine, devant Ciges, ProActive Solutions, Silicom Group et Synchrotech.<\/strong><\/p>\n<p>Le classement pr\u00e9par\u00e9 par ICT Journal se base sur le nombre de collaborateurs employ\u00e9s par les entreprises au 1er septembre 2022. Les donn\u00e9es ont \u00e9t\u00e9 r\u00e9colt\u00e9es au moyen d\u2019un questionnaire en ligne. C\u2019est <a href=\"https:\/\/www.swisscom.ch\/fr\/business.html\" target=\"_blank\" rel=\"noopener\">Swisscom Business Customers<\/a> qui m\u00e8ne le classement, avec 947 employ\u00e9s. Avec 127 employ\u00e9s, <a href=\"https:\/\/www.groupe-t2i.com\" target=\"_blank\" rel=\"noopener\">Groupe T2i<\/a>, bas\u00e9e au <a href=\"http:\/\/www.swissdigitalcenter.ch\" target=\"_blank\" rel=\"noopener\">Swiss Digital Center de Sierre<\/a>, se classe au 21 rang. Suivent trois entreprises bas\u00e9es \u00e0 Sion : <a href=\"https:\/\/silicom.group\/\" target=\"_blank\" rel=\"noopener\">Silicom Group<\/a> (44e, 72), <a href=\"https:\/\/www.ciges.ch\/\" target=\"_blank\" rel=\"noopener\">Ciges<\/a> (55e, 51), \u00e0 \u00e9galit\u00e9 avec <a href=\"https:\/\/proactive.swiss\/\" target=\"_blank\" rel=\"noopener\">ProActive Solutions<\/a>. <a href=\"https:\/\/synchrotech.ch\/\" target=\"_blank\" rel=\"noopener\">Synchrotech<\/a>, dont le si\u00e8ge social est bas\u00e9 \u00e0 Martigny, se classe quant \u00e0 elle au 86e rang avec ses 25 employ\u00e9s.<\/p>\n<p>\nA noter \u00e9galement la pr\u00e9sence dans ce classement du groupe <a href=\"http:\/\/www.cisel.ch\" target=\"_blank\" rel=\"noopener\">Cisel Informatique<\/a> (12e rang, 168 employ\u00e9s). Ce groupe d\u2019origine fribourgeoise dispose d\u2019une succursale \u00e0 Martigny. Il en va de m\u00eame pour <a href=\"https:\/\/softcom.pro\/\" target=\"_blank\" rel=\"noopener\">Softcom Technologies<\/a>, qui a ouvert l\u2019an dernier une succursale au Swiss Digital Center de Sierre. Avec ses 81 employ\u00e9s, cette PME se classe au 36e rang.<\/p>\n<p>\u00a0<\/p>\n<p><strong>Source<\/strong> : ICT Journal<\/p>\n<p>\u00a0<\/p>\n","protected":false},"excerpt":{"rendered":"<p>Le magazine ICT Journal a publi\u00e9\u00a0son Top 100 des plus grands fournisseurs IT de Suisse romande. Pas moins de sept entreprises valaisannes, dont deux succursales, y figurent. C\u2019est Groupe T2i qui est la plus importante PME du canton dans le domaine, devant Ciges, ProActive Solutions, Silicom Group et Synchrotech. Le classement pr\u00e9par\u00e9 par ICT Journal [&hellip;]<\/p>\n","protected":false},"author":1,"featured_media":7822,"comment_status":"closed","ping_status":"closed","sticky":false,"template":"","format":"standard","meta":{"_acf_changed":false,"footnotes":""},"categories":[186],"tags":[],"class_list":["post-7821","post","type-post","status-publish","format-standard","has-post-thumbnail","hentry","category-digital"],"acf":[],"_links":{"self":[{"href":"https:\/\/theark.ch\/fr\/wp-json\/wp\/v2\/posts\/7821","targetHints":{"allow":["GET"]}}],"collection":[{"href":"https:\/\/theark.ch\/fr\/wp-json\/wp\/v2\/posts"}],"about":[{"href":"https:\/\/theark.ch\/fr\/wp-json\/wp\/v2\/types\/post"}],"author":[{"embeddable":true,"href":"https:\/\/theark.ch\/fr\/wp-json\/wp\/v2\/users\/1"}],"replies":[{"embeddable":true,"href":"https:\/\/theark.ch\/fr\/wp-json\/wp\/v2\/comments?post=7821"}],"version-history":[{"count":0,"href":"https:\/\/theark.ch\/fr\/wp-json\/wp\/v2\/posts\/7821\/revisions"}],"wp:featuredmedia":[{"embeddable":true,"href":"https:\/\/theark.ch\/fr\/wp-json\/wp\/v2\/media\/7822"}],"wp:attachment":[{"href":"https:\/\/theark.ch\/fr\/wp-json\/wp\/v2\/media?parent=7821"}],"wp:term":[{"taxonomy":"category","embeddable":true,"href":"https:\/\/theark.ch\/fr\/wp-json\/wp\/v2\/categories?post=7821"},{"taxonomy":"post_tag","embeddable":true,"href":"https:\/\/theark.ch\/fr\/wp-json\/wp\/v2\/tags?post=7821"}],"curies":[{"name":"wp","href":"https:\/\/api.w.org\/{rel}","templated":true}]}}