{"id":7963,"date":"2023-05-03T18:58:00","date_gmt":"2023-05-03T16:58:00","guid":{"rendered":"http:\/\/theark.ch\/un-appel-a-projets-pour-valoriser-le-patrimoine-et-le-tourisme-en-valais-11089\/"},"modified":"2025-04-08T15:00:47","modified_gmt":"2025-04-08T13:00:47","slug":"un-appel-a-projets-pour-valoriser-le-patrimoine-et-le-tourisme-en-valais-11089","status":"publish","type":"post","link":"https:\/\/theark.ch\/fr\/news\/un-appel-a-projets-pour-valoriser-le-patrimoine-et-le-tourisme-en-valais-11089\/","title":{"rendered":"Un appel \u00e0 projets pour valoriser le patrimoine et le tourisme en Valais\u2009!"},"content":{"rendered":"<p><strong>Faire \u00e9clore des solutions innovantes pour valoriser le patrimoine valaisan et d\u00e9velopper des offres touristiques attractives : c\u2019est le but de l\u2019appel \u00e0 projets \u00ab Patrimoine et Tourisme \u00bb. Les porteurs de projets peuvent soumettre leurs id\u00e9es jusqu\u2019au 1er septembre 2023 via le site web <a href=\"http:\/\/www.patrimoine-tourisme.ch\" target=\"_blank\" rel=\"noopener\">www.patrimoine-tourisme.ch<\/a>. Un prix d\u2019une valeur totale de CHF 15&#39;000.- r\u00e9compensera un ou plusieurs laur\u00e9ats.<\/strong><\/p>\n<p>\u00a0<br \/>\nLa mise en valeur du patrimoine est un enjeu important pour le tourisme et l&#39;\u00e9conomie locale. Elle vise \u00e0 rendre le patrimoine (culturel, b\u00e2ti, enfoui, naturel, g\u00e9ologique ou autres) accessible et attractif tant pour les visiteurs que les habitants. Dans ce cadre, l&#39;innovation et les technologies offrent de nouvelles possibilit\u00e9s de valorisation. Applications mobiles, r\u00e9alit\u00e9 virtuelle ou augment\u00e9e, num\u00e9risation, gamification, exp\u00e9riences de visite novatrices : les possibilit\u00e9s sont larges et vari\u00e9es.<\/p>\n<p>\nAfin de soutenir et d\u2019encourager des projets concrets, l\u2019appel \u00e0 projets \u00ab Patrimoine et Tourisme \u00bb vient d\u2019\u00eatre lanc\u00e9 par l\u2019Association <a href=\"http:\/\/www.culturevalais.ch\" target=\"_blank\" rel=\"noopener\">Culture Valais<\/a>, en collaboration avec <a href=\"http:\/\/www.cimark.ch\" target=\"_blank\" rel=\"noopener\">CimArk SA<\/a> et avec le soutien du Service de la culture, du Service de l\u2019\u00e9conomie, de l\u2019innovation et du tourisme, du Service immobilier et patrimoine du Canton du Valais ainsi que des programmes de la Nouvelle politique r\u00e9gionale (NPR) et <a href=\"http:\/\/www.digitourism.ch\" target=\"_blank\" rel=\"noopener\">Digitourism<\/a>.<\/p>\n<p>\u00a0<\/p>\n<p><strong>Pour de nouvelles offres touristiques, culturelles ou de loisirs<\/strong><br \/>\nL\u2019appel \u00e0 projets vise \u00e0 soutenir la cr\u00e9ation de solutions innovantes qui permettront de mettre en valeur le patrimoine b\u00e2ti ou culturel valaisan, via la commercialisation de nouveaux produits ou services. Cela peut se concr\u00e9tiser par la cr\u00e9ation d\u2019une nouvelle offre touristique, culturelle et\/ou de loisirs. Appliqu\u00e9es \u00e0 un exemple en particulier, elles pourront id\u00e9alement \u00eatre \u00e9tendues et r\u00e9pliqu\u00e9es au niveau du territoire cantonal, voire au-del\u00e0. L\u2019appel \u00e0 projets s\u2019adresse principalement aux entreprises, start-up, associations ou ind\u00e9pendants en lien avec la culture, le patrimoine, le tourisme ou la digitalisation. Cet appel \u00e0 projets est \u00e9galement l\u2019occasion pour les acteurs de ces domaines de se regrouper et de mutualiser leurs comp\u00e9tences pour d\u00e9velopper des concepts innovants.<\/p>\n<p>\nLe d\u00e9lai de candidature est fix\u00e9 au 1er septembre 2023 et les dossiers doivent \u00eatre d\u00e9pos\u00e9s sur le site <a href=\"http:\/\/www.patrimoine-tourisme.ch\" target=\"_blank\" rel=\"noopener\">www.patrimoine-tourisme.ch<\/a>. Un montant de CHF 15&#39;000.-, dont CHF 10&#39;000.- en esp\u00e8ce, est promis au projet vainqueur, d\u00e9sign\u00e9 par un jury de sp\u00e9cialistes. En fonction de la qualit\u00e9 des dossiers re\u00e7us, le jury pourra d\u00e9signer plusieurs laur\u00e9ats. Les r\u00e9sultats de l\u2019appel \u00e0 projets \u00ab Patrimoine et Tourisme \u00bb seront pr\u00e9sent\u00e9s le 4 octobre 2023 lors du Rendez-vous de la Culture \u00e0 la Foire du Valais.<\/p>\n<p>\u00a0<\/p>\n<p><strong>Source<\/strong>: communiqu\u00e9 de presse<\/p>\n","protected":false},"excerpt":{"rendered":"<p>Faire \u00e9clore des solutions innovantes pour valoriser le patrimoine valaisan et d\u00e9velopper des offres touristiques attractives : c\u2019est le but de l\u2019appel \u00e0 projets \u00ab Patrimoine et Tourisme \u00bb. Les porteurs de projets peuvent soumettre leurs id\u00e9es jusqu\u2019au 1er septembre 2023 via le site web www.patrimoine-tourisme.ch. Un prix d\u2019une valeur totale de CHF 15&#39;000.- r\u00e9compensera [&hellip;]<\/p>\n","protected":false},"author":1,"featured_media":7964,"comment_status":"closed","ping_status":"closed","sticky":false,"template":"","format":"standard","meta":{"_acf_changed":false,"footnotes":""},"categories":[197,225],"tags":[],"class_list":["post-7963","post","type-post","status-publish","format-standard","has-post-thumbnail","hentry","category-economie-creative","category-tourisme"],"acf":[],"_links":{"self":[{"href":"https:\/\/theark.ch\/fr\/wp-json\/wp\/v2\/posts\/7963","targetHints":{"allow":["GET"]}}],"collection":[{"href":"https:\/\/theark.ch\/fr\/wp-json\/wp\/v2\/posts"}],"about":[{"href":"https:\/\/theark.ch\/fr\/wp-json\/wp\/v2\/types\/post"}],"author":[{"embeddable":true,"href":"https:\/\/theark.ch\/fr\/wp-json\/wp\/v2\/users\/1"}],"replies":[{"embeddable":true,"href":"https:\/\/theark.ch\/fr\/wp-json\/wp\/v2\/comments?post=7963"}],"version-history":[{"count":1,"href":"https:\/\/theark.ch\/fr\/wp-json\/wp\/v2\/posts\/7963\/revisions"}],"predecessor-version":[{"id":47724,"href":"https:\/\/theark.ch\/fr\/wp-json\/wp\/v2\/posts\/7963\/revisions\/47724"}],"wp:featuredmedia":[{"embeddable":true,"href":"https:\/\/theark.ch\/fr\/wp-json\/wp\/v2\/media\/7964"}],"wp:attachment":[{"href":"https:\/\/theark.ch\/fr\/wp-json\/wp\/v2\/media?parent=7963"}],"wp:term":[{"taxonomy":"category","embeddable":true,"href":"https:\/\/theark.ch\/fr\/wp-json\/wp\/v2\/categories?post=7963"},{"taxonomy":"post_tag","embeddable":true,"href":"https:\/\/theark.ch\/fr\/wp-json\/wp\/v2\/tags?post=7963"}],"curies":[{"name":"wp","href":"https:\/\/api.w.org\/{rel}","templated":true}]}}