{"id":8129,"date":"2023-08-21T14:57:00","date_gmt":"2023-08-21T12:57:00","guid":{"rendered":"http:\/\/theark.ch\/croissance-dequipe-dans-une-pme-quels-sont-les-parametres-a-maitriser-11170\/"},"modified":"2023-08-21T14:57:00","modified_gmt":"2023-08-21T12:57:00","slug":"croissance-dequipe-dans-une-pme-quels-sont-les-parametres-a-maitriser-11170","status":"publish","type":"post","link":"https:\/\/theark.ch\/fr\/news\/croissance-dequipe-dans-une-pme-quels-sont-les-parametres-a-maitriser-11170\/","title":{"rendered":"Croissance d\u2019\u00e9quipe dans une PME : quels sont les param\u00e8tres \u00e0 ma\u00eetriser ?"},"content":{"rendered":"<p><strong>La croissance d&#39;une \u00e9quipe est un signe tangible de prosp\u00e9rit\u00e9 pour toute entreprise. Cependant, g\u00e9rer cette expansion peut s&#39;av\u00e9rer complexe, car elle soul\u00e8ve des questions d&#39;ordre juridique, strat\u00e9gique, RH et financi\u00e8res. Lors de la prochaine conf\u00e9rence <a href=\"https:\/\/www.innovibes.ch\/fr\/events\/?id=12823\" target=\"_blank\" rel=\"noopener\">InnoVibes<\/a>, organis\u00e9e par la Fondation The Ark, trois sp\u00e9cialistes mettront en lumi\u00e8re les principaux param\u00e8tres \u00e0 ma\u00eetriser pour que cette \u00e9tape de croissance soit un succ\u00e8s. Rendez-vous au Campus Energypolis de Sion le 8 septembre prochain. Entr\u00e9e libre mais <a href=\"https:\/\/www.innovibes.ch\/fr\/inscriptions\/?id=12823&#038;choice=1\" target=\"_blank\" rel=\"noopener\">inscription<\/a> obligatoire.<\/strong><\/p>\n<p>Les trois intervenants, sp\u00e9cialistes exp\u00e9riment\u00e9s, Claire Beaume Brizzi de <a href=\"https:\/\/gancipartners.ch\/fr\/qui-sommes-nous\/\" target=\"_blank\" rel=\"noopener\">Ganci Partners<\/a>, Robert Niklewicz d&#39;EY et Max-Andr\u00e9 Haas de <a href=\"https:\/\/kellerhals-carrard.ch\/fr\" target=\"_blank\" rel=\"noopener\">Kellerhals-Carrard<\/a> seront r\u00e9unis pour cette conf\u00e9rence th\u00e9matique de 45 minutes, sur le temps de midi. Ils aborderont les questions suivantes :<\/p>\n<ul>\n<li>Quels sont les outils utiles ?\u00a0<\/li>\n<li>Les plans d\u2019int\u00e9ressement, n\u00e9cessaires ou superflus ?\u00a0<\/li>\n<li>Quel est le point de vue d\u2019un chasseur de t\u00eates ?<\/li>\n<\/ul>\n<p>\u00a0<\/p>\n<p>Cette conf\u00e9rence, anim\u00e9e par Selim Dusi, vous offrira un aper\u00e7u complet des enjeux majeurs auxquels vous pourriez \u00eatre confront\u00e9s lorsque votre \u00e9quipe prend de l&#39;ampleur.\u00a0<\/p>\n<p>\u00a0<\/p>\n<p>Rendez-vous le <strong>8 septembre<\/strong>, de 12h15 \u00e0 13h15, au Campus Energypolis de Sion ou en ligne sur Zoom pour assister \u00e0 cette conf\u00e9rence. Celle-ci sera suivie d\u2019un ap\u00e9ritif d\u00eenatoire pour les personnes en pr\u00e9sentiel. La participation est gratuite, mais l\u2019<a href=\"https:\/\/www.innovibes.ch\/fr\/inscriptions\/?id=12823&#038;choice=1\" target=\"_blank\" rel=\"noopener\">inscription<\/a> est obligatoire.<\/p>\n<p>\u00a0<\/p>\n<p>\n\u00a0<\/p>\n","protected":false},"excerpt":{"rendered":"<p>La croissance d&#39;une \u00e9quipe est un signe tangible de prosp\u00e9rit\u00e9 pour toute entreprise. Cependant, g\u00e9rer cette expansion peut s&#39;av\u00e9rer complexe, car elle soul\u00e8ve des questions d&#39;ordre juridique, strat\u00e9gique, RH et financi\u00e8res. Lors de la prochaine conf\u00e9rence InnoVibes, organis\u00e9e par la Fondation The Ark, trois sp\u00e9cialistes mettront en lumi\u00e8re les principaux param\u00e8tres \u00e0 ma\u00eetriser pour que [&hellip;]<\/p>\n","protected":false},"author":1,"featured_media":8130,"comment_status":"closed","ping_status":"closed","sticky":false,"template":"","format":"standard","meta":{"_acf_changed":false,"footnotes":""},"categories":[186],"tags":[],"class_list":["post-8129","post","type-post","status-publish","format-standard","has-post-thumbnail","hentry","category-digital"],"acf":[],"_links":{"self":[{"href":"https:\/\/theark.ch\/fr\/wp-json\/wp\/v2\/posts\/8129","targetHints":{"allow":["GET"]}}],"collection":[{"href":"https:\/\/theark.ch\/fr\/wp-json\/wp\/v2\/posts"}],"about":[{"href":"https:\/\/theark.ch\/fr\/wp-json\/wp\/v2\/types\/post"}],"author":[{"embeddable":true,"href":"https:\/\/theark.ch\/fr\/wp-json\/wp\/v2\/users\/1"}],"replies":[{"embeddable":true,"href":"https:\/\/theark.ch\/fr\/wp-json\/wp\/v2\/comments?post=8129"}],"version-history":[{"count":0,"href":"https:\/\/theark.ch\/fr\/wp-json\/wp\/v2\/posts\/8129\/revisions"}],"wp:featuredmedia":[{"embeddable":true,"href":"https:\/\/theark.ch\/fr\/wp-json\/wp\/v2\/media\/8130"}],"wp:attachment":[{"href":"https:\/\/theark.ch\/fr\/wp-json\/wp\/v2\/media?parent=8129"}],"wp:term":[{"taxonomy":"category","embeddable":true,"href":"https:\/\/theark.ch\/fr\/wp-json\/wp\/v2\/categories?post=8129"},{"taxonomy":"post_tag","embeddable":true,"href":"https:\/\/theark.ch\/fr\/wp-json\/wp\/v2\/tags?post=8129"}],"curies":[{"name":"wp","href":"https:\/\/api.w.org\/{rel}","templated":true}]}}