{"id":8313,"date":"2024-01-16T13:24:00","date_gmt":"2024-01-16T12:24:00","guid":{"rendered":"http:\/\/theark.ch\/les-cyberattaques-toujours-un-risque-majeur-pour-les-entreprises-11274\/"},"modified":"2024-01-16T13:24:00","modified_gmt":"2024-01-16T11:24:00","slug":"les-cyberattaques-toujours-un-risque-majeur-pour-les-entreprises-11274","status":"publish","type":"post","link":"https:\/\/theark.ch\/fr\/news\/les-cyberattaques-toujours-un-risque-majeur-pour-les-entreprises-11274\/","title":{"rendered":"Les cyberattaques : toujours un risque majeur pour les entreprises"},"content":{"rendered":"<p><strong>Pour la 13e fois, l\u2019enqu\u00eate annuelle \u00ab\u00a0Allianz Risk Barometer\u00a0\u00bb met en exergue les principaux risques commerciaux dans le monde, avec une participation de plus de 3000 sond\u00e9s. Les cyberincidents et les interruptions d&#39;activit\u00e9 occupent respectivement la premi\u00e8re et la deuxi\u00e8me place, tant au niveau mondial qu&#39;en Suisse. En Suisse, les changements de lois et de r\u00e9glementations, comme les droits de douane, les sanctions ou les efforts protectionnistes, sont de plus en plus un casse-t\u00eate pour les entreprises.<\/strong><\/p>\n<p>\u00a0<br \/>\nLes cyberincidents, tels que les attaques de ransomware, les pannes de donn\u00e9es et les pannes informatiques, repr\u00e9sentent le plus grand risque pour les entreprises du monde entier cette ann\u00e9e. Les interruptions g\u00e9n\u00e9rales d&#39;activit\u00e9, qui y sont \u00e9troitement li\u00e9es, arrivent en deuxi\u00e8me position, tandis que les catastrophes naturelles passent de la sixi\u00e8me \u00e0 la troisi\u00e8me place en comparaison annuelle. Les incendies et les explosions (de 9 \u00e0 6) et les risques politiques et la violence (de 10 \u00e0 8) grimpent \u00e9galement dans le classement de cette ann\u00e9e <a href=\"https:\/\/commercial.allianz.com\/content\/dam\/onemarketing\/commercial\/commercial\/reports\/Allianz-Risk-Barometer-2024.pdf\" target=\"_blank\" rel=\"noopener\">Allianz Risk Barometer<\/a>. Pour cette \u00e9dition, plus de 3\u2019000 experts en risques de 92 pays ont \u00e9t\u00e9 interrog\u00e9s sur leurs principaux risques d&#39;entreprise.<\/p>\n<p>Parmi les participants suisses \u00e0 l&#39;\u00e9tude, les cyber-attaques et les interruptions d&#39;activit\u00e9 occupent \u00e9galement la premi\u00e8re (2023: 1) et la deuxi\u00e8me place (2023: 3). Toutefois, contrairement \u00e0 ce qui se passe au niveau mondial, les modifications de lois et de r\u00e9glementations &#8211; comme les droits de douane, les sanctions ou les tentatives de protectionnisme &#8211; occupent la troisi\u00e8me place (2023: 5). \u00ab Il est frappant de constater qu&#39;en Suisse, la p\u00e9nurie de main-d&#39;oeuvre qualifi\u00e9e est per\u00e7ue comme un risque majeur: il occupe la quatri\u00e8me place et gagne trois positions par rapport \u00e0 l&#39;ann\u00e9e pr\u00e9c\u00e9dente. Au niveau mondial, la p\u00e9nurie de main-d&#39;oeuvre qualifi\u00e9e n&#39;arrive qu&#39;en 10e position des risques \u00bb, souligne Allianz Commercial dans un communiqu\u00e9.<\/p>\n<p>\n<strong>M\u00eames pr\u00e9occupations, quelle que soit la taille de l\u2019entreprise<\/strong><\/p>\n<p>Les entreprises de toutes tailles partagent les m\u00eames pr\u00e9occupations dans le monde entier: Les cyberattaques, les interruptions d&#39;activit\u00e9 et les catastrophes naturelles figurent en t\u00eate de liste des principaux risques. Malgr\u00e9 une perception identique des risques, l&#39;\u00e9cart entre les grandes et les petites entreprises se creuse en ce qui concerne leur r\u00e9silience. La pand\u00e9mie du Covid a notamment sensibilis\u00e9 les grandes entreprises \u00e0 une prise de conscience accrue des risques et aux mesures qui en d\u00e9coulent pour augmenter la r\u00e9silience. Les petites entreprises n&#39;ont souvent ni le temps ni les ressources n\u00e9cessaires pour d\u00e9velopper un grand nombre de sc\u00e9narios de risque et s&#39;y pr\u00e9parer efficacement. Par cons\u00e9quent, il leur faut plus de temps pour remettre l&#39;entreprise sur les rails apr\u00e8s un incident inattendu.<\/p>\n<p>\u00a0<br \/>\n<strong>\u00c0 propos de l&#39;Allianz Risk Barometer<\/strong><\/p>\n<p>Allianz Risk Barometerest un classement annuel des risques d&#39;entreprise \u00e9tabli par <a href=\"https:\/\/commercial.allianz.com\/\" target=\"_blank\" rel=\"noopener\">Allianz Commercial<\/a> en collaboration avec d&#39;autres entit\u00e9s d&#39;Allianz.<\/p>\n<p>\nLe rapport int\u00e9gral est disponible <a href=\"https:\/\/commercial.allianz.com\/content\/dam\/onemarketing\/commercial\/commercial\/reports\/Allianz-Risk-Barometer-2024-Appendix.pdf\" target=\"_blank\" rel=\"noopener\">ici<\/a> (en allemand).<\/p>\n<p>\u00a0<\/p>\n","protected":false},"excerpt":{"rendered":"<p>Pour la 13e fois, l\u2019enqu\u00eate annuelle \u00ab\u00a0Allianz Risk Barometer\u00a0\u00bb met en exergue les principaux risques commerciaux dans le monde, avec une participation de plus de 3000 sond\u00e9s. Les cyberincidents et les interruptions d&#39;activit\u00e9 occupent respectivement la premi\u00e8re et la deuxi\u00e8me place, tant au niveau mondial qu&#39;en Suisse. En Suisse, les changements de lois et de [&hellip;]<\/p>\n","protected":false},"author":1,"featured_media":8314,"comment_status":"closed","ping_status":"closed","sticky":false,"template":"","format":"standard","meta":{"_acf_changed":false,"footnotes":""},"categories":[186],"tags":[],"class_list":["post-8313","post","type-post","status-publish","format-standard","has-post-thumbnail","hentry","category-digital"],"acf":[],"_links":{"self":[{"href":"https:\/\/theark.ch\/fr\/wp-json\/wp\/v2\/posts\/8313","targetHints":{"allow":["GET"]}}],"collection":[{"href":"https:\/\/theark.ch\/fr\/wp-json\/wp\/v2\/posts"}],"about":[{"href":"https:\/\/theark.ch\/fr\/wp-json\/wp\/v2\/types\/post"}],"author":[{"embeddable":true,"href":"https:\/\/theark.ch\/fr\/wp-json\/wp\/v2\/users\/1"}],"replies":[{"embeddable":true,"href":"https:\/\/theark.ch\/fr\/wp-json\/wp\/v2\/comments?post=8313"}],"version-history":[{"count":0,"href":"https:\/\/theark.ch\/fr\/wp-json\/wp\/v2\/posts\/8313\/revisions"}],"wp:featuredmedia":[{"embeddable":true,"href":"https:\/\/theark.ch\/fr\/wp-json\/wp\/v2\/media\/8314"}],"wp:attachment":[{"href":"https:\/\/theark.ch\/fr\/wp-json\/wp\/v2\/media?parent=8313"}],"wp:term":[{"taxonomy":"category","embeddable":true,"href":"https:\/\/theark.ch\/fr\/wp-json\/wp\/v2\/categories?post=8313"},{"taxonomy":"post_tag","embeddable":true,"href":"https:\/\/theark.ch\/fr\/wp-json\/wp\/v2\/tags?post=8313"}],"curies":[{"name":"wp","href":"https:\/\/api.w.org\/{rel}","templated":true}]}}