{"id":8891,"date":"2024-08-26T17:43:00","date_gmt":"2024-08-26T15:43:00","guid":{"rendered":"http:\/\/theark.ch\/pres-de-133-des-employes-ne-recourent-jamais-aux-outils-numeriques-11381\/"},"modified":"2025-05-19T16:51:59","modified_gmt":"2025-05-19T14:51:59","slug":"pres-de-133-des-employes-ne-recourent-jamais-aux-outils-numeriques-11381","status":"publish","type":"post","link":"https:\/\/theark.ch\/fr\/news\/pres-de-133-des-employes-ne-recourent-jamais-aux-outils-numeriques-11381\/","title":{"rendered":"Pr\u00e8s de 13,3 % des employ\u00e9s ne recourent jamais aux outils num\u00e9riques"},"content":{"rendered":"<p><strong>En 2022, une minorit\u00e9 seulement des personnes actives n&#39;utilisent jamais d&#39;ordinateur, de tablette ou de smartphone dans leur travail. Tandis que 13,0% des travailleurs ne r\u00e9alisent jamais de t\u00e2ches intellectuelles, 31,4% ne font jamais de travaux manuels. Une proportion tr\u00e8s faible des actifs consid\u00e8re leurs t\u00e2ches comme \u00e9tant hautement routini\u00e8res ou juge avoir peu d&#39;autonomie, deux facteurs augmentant le risque d&#39;automatisation.<\/strong><\/p>\n<p>\u00a0<\/p>\n<p>Plus d&#39;un tiers des personnes actives\u00a0(35,6%) utilisent constamment des outils num\u00e9riques au travail, tandis que seulement 13,3% ne les utilisent jamais. Les jeunes adultes les utilisent plus fr\u00e9quemment que les plus \u00e2g\u00e9s, \u00e0 l&#39;exception de la tranche des 15-24 ans. Cette exception s&#39;explique notamment par le fait que beaucoup sont en apprentissage, travaillent dans l&#39;artisanat ou les services aux particuliers, ou suivent des formations n\u00e9cessitant plus de t\u00e2ches manuelles qu&#39;intellectuelles.<\/p>\n<p>\u00a0<\/p>\n<p><strong>T\u00e2ches intellectuelles et manuelles<\/strong><\/p>\n<p>Bien que 13,0% des travailleurs ne r\u00e9alisent jamais de t\u00e2ches intellectuelles telles que la lecture de documents techniques ou des calculs complexes, pr\u00e8s de la moiti\u00e9 (49,8%) y consacrent au moins une partie de leur temps. Ces t\u00e2ches sont particuli\u00e8rement courantes dans les secteurs financiers, de l&#39;information et de la communication, ainsi que dans les activit\u00e9s sp\u00e9cialis\u00e9es et techniques.<\/p>\n<p>Quant aux t\u00e2ches manuelles, 31,4% des travailleurs n&#39;en effectuent pas n\u00e9cessitant force ou dext\u00e9rit\u00e9. Par contre, 15,4% y consacrent tout ou la majorit\u00e9 de leur temps, et 11,4% au moins la moiti\u00e9 de leur temps. Les hommes sont plus engag\u00e9s dans ces t\u00e2ches que les femmes, et les \u00e9trangers plus que les ressortissants suisses.<\/p>\n<p>\u00a0<\/p>\n<p><strong>Routine et autonomie au travail<\/strong><\/p>\n<p>Seuls 4,9% des actifs estiment que leur travail est tr\u00e8s routinier, avec une proportion l\u00e9g\u00e8rement plus \u00e9lev\u00e9e chez les femmes (5,7%) que chez les hommes (4,2%). Cette proportion est la plus basse chez ceux poss\u00e9dant un dipl\u00f4me tertiaire (2,3%).<\/p>\n<p>Environ 9,2% des travailleurs d\u00e9clarent avoir une faible autonomie dans leur emploi, avec un pourcentage de 10,2% chez les femmes et de 8,3% chez les hommes. Le niveau de formation influence cette perception : 18,1% des personnes sans formation post-obligatoire ressentent une faible autonomie, contre 10,4% des dipl\u00f4m\u00e9s du secondaire II et 4,9% des dipl\u00f4m\u00e9s du degr\u00e9 tertiaire.<\/p>\n<p>\u00a0<\/p>\n<p><strong>Faible risque d&#39;automatisation en Suisse<\/strong><\/p>\n<p>En Suisse, seulement 1,0% des travailleurs cumulent une forte routine et une faible autonomie, facteurs de risque d&#39;automatisation. Ce taux est parmi les plus bas d&#39;Europe, similaire \u00e0 celui de la Gr\u00e8ce, inf\u00e9rieur \u00e0 celui du Luxembourg (0,9%) et l\u00e9g\u00e8rement sup\u00e9rieur \u00e0 celui du Danemark (1,2%), de la Su\u00e8de (1,3%) et de l&#39;Italie (1,3%). En revanche, la Slovaquie (11,4%), la Slov\u00e9nie (5,6%), l&#39;Irlande, la Roumanie et la Tch\u00e9quie (tous trois \u00e0 5,1%) pr\u00e9sentent les taux les plus \u00e9lev\u00e9s.<\/p>\n<p>\u00a0<\/p>\n<p>Source:\u00a0Ces r\u00e9sultats proviennent de la publication de l&#39;Office f\u00e9d\u00e9ral de la statistique (OFS) intitul\u00e9e \u00abT\u00e2ches, outils num\u00e9riques et risques d&#39;automatisation dans l&#39;emploi en 2022\u00bb.<\/p>\n<p>Cette \u00e9tude s&#39;appuie sur les donn\u00e9es du module europ\u00e9en \u00abComp\u00e9tences professionnelles\u00bb int\u00e9gr\u00e9 dans l&#39;Enqu\u00eate suisse sur la population active (ESPA).<\/p>\n<p>\u00a0<\/p>\n","protected":false},"excerpt":{"rendered":"<p>En 2022, une minorit\u00e9 seulement des personnes actives n&#39;utilisent jamais d&#39;ordinateur, de tablette ou de smartphone dans leur travail. Tandis que 13,0% des travailleurs ne r\u00e9alisent jamais de t\u00e2ches intellectuelles, 31,4% ne font jamais de travaux manuels. Une proportion tr\u00e8s faible des actifs consid\u00e8re leurs t\u00e2ches comme \u00e9tant hautement routini\u00e8res ou juge avoir peu d&#39;autonomie, [&hellip;]<\/p>\n","protected":false},"author":1,"featured_media":8892,"comment_status":"closed","ping_status":"closed","sticky":false,"template":"","format":"standard","meta":{"_acf_changed":false,"footnotes":""},"categories":[186],"tags":[],"class_list":["post-8891","post","type-post","status-publish","format-standard","has-post-thumbnail","hentry","category-digital"],"acf":[],"_links":{"self":[{"href":"https:\/\/theark.ch\/fr\/wp-json\/wp\/v2\/posts\/8891","targetHints":{"allow":["GET"]}}],"collection":[{"href":"https:\/\/theark.ch\/fr\/wp-json\/wp\/v2\/posts"}],"about":[{"href":"https:\/\/theark.ch\/fr\/wp-json\/wp\/v2\/types\/post"}],"author":[{"embeddable":true,"href":"https:\/\/theark.ch\/fr\/wp-json\/wp\/v2\/users\/1"}],"replies":[{"embeddable":true,"href":"https:\/\/theark.ch\/fr\/wp-json\/wp\/v2\/comments?post=8891"}],"version-history":[{"count":1,"href":"https:\/\/theark.ch\/fr\/wp-json\/wp\/v2\/posts\/8891\/revisions"}],"predecessor-version":[{"id":40433,"href":"https:\/\/theark.ch\/fr\/wp-json\/wp\/v2\/posts\/8891\/revisions\/40433"}],"wp:featuredmedia":[{"embeddable":true,"href":"https:\/\/theark.ch\/fr\/wp-json\/wp\/v2\/media\/8892"}],"wp:attachment":[{"href":"https:\/\/theark.ch\/fr\/wp-json\/wp\/v2\/media?parent=8891"}],"wp:term":[{"taxonomy":"category","embeddable":true,"href":"https:\/\/theark.ch\/fr\/wp-json\/wp\/v2\/categories?post=8891"},{"taxonomy":"post_tag","embeddable":true,"href":"https:\/\/theark.ch\/fr\/wp-json\/wp\/v2\/tags?post=8891"}],"curies":[{"name":"wp","href":"https:\/\/api.w.org\/{rel}","templated":true}]}}