{"id":9027,"date":"2024-09-17T19:12:00","date_gmt":"2024-09-17T17:12:00","guid":{"rendered":"http:\/\/theark.ch\/la-fondation-the-ark-celebre-ses-20-ans-d-innovation-et-de-soutien-aux-entreprises-en-valais-11405\/"},"modified":"2025-05-19T16:51:44","modified_gmt":"2025-05-19T14:51:44","slug":"la-fondation-the-ark-celebre-ses-20-ans-d-innovation-et-de-soutien-aux-entreprises-en-valais-11405","status":"publish","type":"post","link":"https:\/\/theark.ch\/fr\/news\/la-fondation-the-ark-celebre-ses-20-ans-d-innovation-et-de-soutien-aux-entreprises-en-valais-11405\/","title":{"rendered":"The Ark c\u00e9l\u00e8bre ses 20 ans d&rsquo;innovation et de soutien aux entreprises en Valais"},"content":{"rendered":"\n<h5 class=\"wp-block-heading\"><strong>En 2024, la Fondation The Ark f\u00eate ses deux d\u00e9cennies d&rsquo;engagement en faveur de l&rsquo;innovation et du d\u00e9veloppement \u00e9conomique en Valais. Fond\u00e9e en 2004, The Ark est devenue un pilier essentiel pour les entrepreneurs et les chercheurs, les accompagnant tout au long de leur parcours.<br>Pour marquer cet anniversaire, The Ark d\u00e9ploie une s\u00e9rie d&rsquo;initiatives, qui touchent en priorit\u00e9 la jeune g\u00e9n\u00e9ration. L\u2019objectif est d&rsquo;inspirer de nouveaux entrepreneurs et de susciter un int\u00e9r\u00eat croissant pour l&rsquo;innovation et l&rsquo;entrepreneuriat chez les jeunes.<\/strong><\/h5>\n\n\n\n<div style=\"height:21px\" aria-hidden=\"true\" class=\"wp-block-spacer\"><\/div>\n\n\n\n<p>Les principales actions pr\u00e9vues pour c\u00e9l\u00e9brer ces 20 ann\u00e9es d&rsquo;existence sont les suivantes:<\/p>\n\n\n\n<div style=\"height:19px\" aria-hidden=\"true\" class=\"wp-block-spacer\"><\/div>\n\n\n\n<h4 class=\"wp-block-heading\"><strong>Des workshops au c\u0153ur de l&rsquo;entrepreneuriat valaisan<\/strong><\/h4>\n\n\n\n<p><br>Cet automne, The Ark proposera un programme de workshops immersifs destin\u00e9 aux jeunes valaisans, regroupant 15 classes et 300 \u00e9l\u00e8ves. D\u00e8s septembre, les \u00e9l\u00e8ves vivront une demi-journ\u00e9e d\u2019immersion dans des PME pour d\u00e9couvrir l&rsquo;innovation de pr\u00e8s. En octobre, ils s&rsquo;initieront au Design Thinking en classe, apprenant \u00e0 r\u00e9soudre des probl\u00e8mes d\u2019entreprises de mani\u00e8re cr\u00e9ative et collaborative. La session se cl\u00f4turera en novembre par la pr\u00e9sentation de leurs solutions aux entreprises participantes. Avec la contribution de 11 entreprises innovantes et 5 coachs experts, ce programme a pour but d\u2019inspirer la prochaine g\u00e9n\u00e9ration d\u2019entrepreneurs tout en renfor\u00e7ant les liens entre l\u2019\u00e9ducation et le monde professionnel.<\/p>\n\n\n\n<div style=\"height:14px\" aria-hidden=\"true\" class=\"wp-block-spacer\"><\/div>\n\n\n\n<h4 class=\"wp-block-heading\"><strong>Journ\u00e9es portes ouvertes<\/strong><\/h4>\n\n\n\n<p><br>The Ark met en valeur des journ\u00e9es portes ouvertes au sein de diverses entreprises valaisannes. Ces \u00e9v\u00e9nements permettent au public de d\u00e9couvrir de pr\u00e8s l&rsquo;innovation d\u00e9velopp\u00e9e dans ces entreprises locales. Les visiteurs auront l&rsquo;occasion de visiter les sites de production, de rencontrer les \u00e9quipes et de comprendre comment ces entreprises contribuent \u00e0 l&rsquo;innovation. <a href=\"http:\/\/theark.ch\/les-entreprises-qui-faconnent-linnovation\/\">D\u00e9couvrez les portes ouvertes \u00e0 venir via ce lien.<\/a><\/p>\n\n\n\n<div style=\"height:24px\" aria-hidden=\"true\" class=\"wp-block-spacer\"><\/div>\n\n\n\n<h4 class=\"wp-block-heading\"><strong>\u00ab\u00a0Dans la banane de&#8230;\u00a0\u00bb<\/strong><\/h4>\n\n\n\n<p><br>La Fondation The Ark invite le public \u00e0 explorer l\u2019univers de l\u2019innovation valaisanne \u00e0 travers une s\u00e9rie de vid\u00e9os intitul\u00e9e \u00ab\u00a0Dans la banane de\u2026\u00a0\u00bb. De septembre \u00e0 d\u00e9but d\u00e9cembre 2024, ces vid\u00e9os, diffus\u00e9es sur les r\u00e9seaux sociaux de The Ark, mettront en lumi\u00e8re 20 entreprises locales. Chaque \u00e9pisode comprendra des interviews exclusives avec les responsables des entreprises, qui pr\u00e9senteront cinq objets embl\u00e9matiques refl\u00e9tant leur savoir-faire et leur histoire. Les jeunes de 15 \u00e0 20 ans auront \u00e9galement la possibilit\u00e9 de participer \u00e0 un concours en lien avec ces vid\u00e9os, et remporter leur banane personnalis\u00e9e aux couleurs de The Ark.<\/p>\n\n\n\n<div style=\"height:19px\" aria-hidden=\"true\" class=\"wp-block-spacer\"><\/div>\n\n\n\n<figure class=\"wp-block-embed is-type-video is-provider-youtube wp-block-embed-youtube wp-embed-aspect-16-9 wp-has-aspect-ratio\"><div class=\"wp-block-embed__wrapper\">\n<iframe loading=\"lazy\" title=\"Dans la banane de la Fondation The Ark\" width=\"500\" height=\"281\" src=\"https:\/\/www.youtube.com\/embed\/JFuxCg88JGU?feature=oembed\" frameborder=\"0\" allow=\"accelerometer; autoplay; clipboard-write; encrypted-media; gyroscope; picture-in-picture; web-share\" referrerpolicy=\"strict-origin-when-cross-origin\" allowfullscreen><\/iframe>\n<\/div><\/figure>\n\n\n\n<h4 class=\"wp-block-heading\"><strong>Innovation Party<\/strong><\/h4>\n\n\n\n<p><br>L&rsquo;Innovation Party sera l&rsquo;\u00e9v\u00e9nement de cl\u00f4ture marquant le 20e anniversaire, une c\u00e9l\u00e9bration sp\u00e9ciale sur invitation destin\u00e9e \u00e0 rassembler et \u00e0 m\u00e9langer les g\u00e9n\u00e9rations. Ce moment privil\u00e9gi\u00e9 sera l&rsquo;occasion de remercier chaleureusement toutes celles et ceux qui ont contribu\u00e9 au succ\u00e8s de cette \u00e9tape importante. Dans une ambiance festive et conviviale, l&rsquo;Innovation Party soulignera non seulement le pass\u00e9, mais aussi l&rsquo;avenir, en honorant l&rsquo;innovation et la collaboration interg\u00e9n\u00e9rationnelle qui ont \u00e9t\u00e9 au c\u0153ur de cette r\u00e9ussite.<\/p>\n\n\n\n<p><\/p>\n","protected":false},"excerpt":{"rendered":"<p>En 2024, la Fondation The Ark f\u00eate ses deux d\u00e9cennies d&rsquo;engagement en faveur de l&rsquo;innovation et du d\u00e9veloppement \u00e9conomique en Valais. Fond\u00e9e en 2004, The Ark est devenue un pilier essentiel pour les entrepreneurs et les chercheurs, les accompagnant tout au long de leur parcours.Pour marquer cet anniversaire, The Ark d\u00e9ploie une s\u00e9rie d&rsquo;initiatives, qui [&hellip;]<\/p>\n","protected":false},"author":1,"featured_media":40318,"comment_status":"closed","ping_status":"closed","sticky":false,"template":"","format":"standard","meta":{"_acf_changed":false,"footnotes":""},"categories":[194],"tags":[],"class_list":["post-9027","post","type-post","status-publish","format-standard","has-post-thumbnail","hentry","category-event"],"acf":[],"_links":{"self":[{"href":"https:\/\/theark.ch\/fr\/wp-json\/wp\/v2\/posts\/9027","targetHints":{"allow":["GET"]}}],"collection":[{"href":"https:\/\/theark.ch\/fr\/wp-json\/wp\/v2\/posts"}],"about":[{"href":"https:\/\/theark.ch\/fr\/wp-json\/wp\/v2\/types\/post"}],"author":[{"embeddable":true,"href":"https:\/\/theark.ch\/fr\/wp-json\/wp\/v2\/users\/1"}],"replies":[{"embeddable":true,"href":"https:\/\/theark.ch\/fr\/wp-json\/wp\/v2\/comments?post=9027"}],"version-history":[{"count":5,"href":"https:\/\/theark.ch\/fr\/wp-json\/wp\/v2\/posts\/9027\/revisions"}],"predecessor-version":[{"id":40401,"href":"https:\/\/theark.ch\/fr\/wp-json\/wp\/v2\/posts\/9027\/revisions\/40401"}],"wp:featuredmedia":[{"embeddable":true,"href":"https:\/\/theark.ch\/fr\/wp-json\/wp\/v2\/media\/40318"}],"wp:attachment":[{"href":"https:\/\/theark.ch\/fr\/wp-json\/wp\/v2\/media?parent=9027"}],"wp:term":[{"taxonomy":"category","embeddable":true,"href":"https:\/\/theark.ch\/fr\/wp-json\/wp\/v2\/categories?post=9027"},{"taxonomy":"post_tag","embeddable":true,"href":"https:\/\/theark.ch\/fr\/wp-json\/wp\/v2\/tags?post=9027"}],"curies":[{"name":"wp","href":"https:\/\/api.w.org\/{rel}","templated":true}]}}