{"id":9453,"date":"2014-05-13T13:41:00","date_gmt":"2014-05-13T11:41:00","guid":{"rendered":"http:\/\/theark.ch\/les-trois-finalistes-du-prix-createurs-bcvs-sont-connus-au-public-de-voter-5779\/"},"modified":"2014-05-13T13:41:00","modified_gmt":"2014-05-13T11:41:00","slug":"les-trois-finalistes-du-prix-createurs-bcvs-sont-connus-au-public-de-voter-5779","status":"publish","type":"post","link":"https:\/\/theark.ch\/fr\/news\/les-trois-finalistes-du-prix-createurs-bcvs-sont-connus-au-public-de-voter-5779\/","title":{"rendered":"Les trois finalistes du Prix Cr\u00e9ateurs BCVs sont connus: au public de voter!"},"content":{"rendered":"<p><strong>Un ing\u00e9nieux syst\u00e8me pour gagner de la place sur une table, un appareil pour faciliter l\u2019apprentissage de la lecture et une application mobile permettant d\u2019archiver et r\u00e9utiliser le contenu de vos r\u00e9unions: ces trois projets innovants sont les finalistes de la 5e \u00e9dition du <a href=\"http:\/\/www.prixcreateursbcvs.ch\/fr\/\" target=\"_blank\" rel=\"noopener\">Prix Cr\u00e9ateurs BCVs<\/a>, organis\u00e9 par la <a href=\"http:\/\/www.bcvs.ch\/fr\/accueil.html\" target=\"_blank\" rel=\"noopener\">Banque Cantonale du Valais<\/a> et <a href=\"http:\/\/www.vs.ch\/Navig\/navig.asp?MenuID=17143\" target=\"_blank\" rel=\"noopener\">Business Valais<\/a>. C\u2019est maintenant au public de jouer pour d\u00e9partager les trois finalistes. Le prix sera remis le 4 juin prochain lors d\u2019une soir\u00e9e de gala \u00e0 Conthey, avec la pr\u00e9sence exceptionnelle de Roland Mack, directeur d\u2019<a href=\"http:\/\/www.europapark.de\/lang-fr\/Startseite\/c1174.html\" target=\"_blank\" rel=\"noopener\">Europa-Park<\/a>.<\/strong><\/p>\n<p>Le Prix Cr\u00e9ateurs BCVs encourage la cr\u00e9ativit\u00e9 entrepreneuriale et l\u2019innovation en Valais. Le projet le plus novateur sera r\u00e9compens\u00e9 et recevra CHF 30\u2019000.-, dont 10\u2019000.- en cash et des prestations compl\u00e9mentaires d\u2019une valeur de CHF 20\u2019000.-. 45 projets ont \u00e9t\u00e9 d\u00e9pos\u00e9s pour cette cinqui\u00e8me \u00e9dition, la premi\u00e8re organis\u00e9e selon un rythme annuel (au lieu de tous les deux ans).<\/p>\n<p>Tourisme, industrie, nouvelles technologies, artisanat et services: les entrepreneurs de tous les domaines d\u2019activit\u00e9s ont propos\u00e9 des id\u00e9es, mettant ainsi en lumi\u00e8re un potentiel d\u2019innovation tr\u00e8s important. Le jury, compos\u00e9 de repr\u00e9sentants du monde bancaire, institutionnel et \u00e9conomique, a choisi les trois finalistes sur la base de crit\u00e8res objectifs comme l\u2019innovation, la faisabilit\u00e9 technique ou encore l\u2019apport \u00e9conomique pour la r\u00e9gion.<\/p>\n<p><strong>Plateau pour table<\/strong><br \/>\nLe premier finaliste est <a href=\"http:\/\/smartsolution-suisse.ch\/\" target=\"_blank\" rel=\"noopener\">Smart Solution<\/a>, un syst\u00e8me de plateau qui permet de gagner de la place sur une table ou un meuble. Design et pratique, ce concept original d\u00e9velopp\u00e9 par Waridel Concept \u00e0 Charrat offre \u00e9galement la possibilit\u00e9 de maintenir des plats au chaud ou au frais avant de les servir. Facile \u00e0 installer et \u00abmade in Valais\u00bb, il s\u2019adapte sur n\u2019importe quel mobilier.<\/p>\n<p><strong>Lirekit<\/strong><br \/>\nLe second projet retenu est le <a href=\"http:\/\/lirekit.wix.com\/lirekit\" target=\"_blank\" rel=\"noopener\">Lirekit<\/a>, d\u00e9velopp\u00e9 par Artena Productions \u00e0 Sierre. Cet outil p\u00e9dagogique facilite la compr\u00e9hension de l\u2019oral et de l\u2019\u00e9crit chez les enfants, ainsi que l\u2019apprentissage des langues. Concr\u00e8tement, il s\u2019agit d\u2019un appareil sans \u00e9cran qui se clippe directement sur un livre et lui am\u00e8ne de la plus-value tels qu\u2019enregistrement de voix, sons, ambiance\u2026.<\/p>\n<p><strong>ReMeeting<\/strong><br \/>\nLe projet <a href=\"https:\/\/www.remeeting.com\/\" target=\"_blank\" rel=\"noopener\">ReMeeting<\/a>, bas\u00e9 \u00e0 St-Germain et d\u00e9velopp\u00e9 avec l\u2019aide de l\u2019institut <a href=\"http:\/\/www.idiap.ch\/\" target=\"_blank\" rel=\"noopener\">Idiap<\/a> de Martigny, a \u00e9galement obtenu les faveurs du jury. Il consiste en une application mobile qui permet d\u2019enregistrer, archiver dans le cloud, analyser et r\u00e9utiliser le contenu des s\u00e9ances. L\u2019application reconna\u00eet les langues et g\u00e9n\u00e8re automatiquement des listes de t\u00e2ches. Les mots-cl\u00e9s sont \u00e9galement index\u00e9s, pour faciliter les recherches de contenu.<\/p>\n<p><strong>Le public choisira son laur\u00e9at<\/strong><br \/>\nDu 13 mai au 4 juin, c\u2019est le public qui pourra d\u00e9signer le laur\u00e9at du Prix Cr\u00e9ateurs BCVs 2014, en votant par SMS (<em>Plateau pour table = CREATEUR 1 \u2013 Lirekit = CREATEUR 2 \u2013 ReMeeting = CREATEUR 3, envoi du SMS au n\u00b0363, 20 ct par SMS<\/em>). Les votes sont \u00e9galement possibles par internet (<a href=\"http:\/\/www.prixcreateursbcvs.ch\/fr\/\" target=\"_blank\" rel=\"noopener\">www.prixcreateursbcvs.ch<\/a>) ou depuis la page Facebook du Prix (<a href=\"https:\/\/www.facebook.com\/prixcreateursbcvs\" target=\"_blank\" rel=\"noopener\">www.facebook.com\/prixcreateursbcvs<\/a>). Seul un vote par personne et par plateforme est possible.<\/p>\n<p><strong>Un invit\u00e9 de marque: le directeur d\u2019Europa-Park<\/strong><br \/>\nLa remise du Prix Cr\u00e9ateurs BCVs aura lieu le mercredi 4 juin 2014 d\u00e8s 18h00 \u00e0 la salle polyvalente de Conthey. A cette occasion, Roland Mack, le directeur d\u2019Europa-Park, prendra la parole pour partager ses exp\u00e9riences de chef d\u2019entreprise innovant et visionnaire. Il \u00e9voquera \u00e9galement ses nouveaux projets et sa vision du business du tourisme. Gageons que ses r\u00e9flexions seront tr\u00e8s utiles pour le Valais touristique !<br \/>\n\u00a0<br \/>\nLe Prix Cr\u00e9ateurs BCVs est organis\u00e9 par la Banque Cantonale du Valais et Business Valais, la promotion \u00e9conomique du canton du Valais. Il a \u00e9t\u00e9 remis en 2007 \u00e0 O\u2019Soleil, qui commercialisait des lingettes de protection solaire et en 2009 au bouchon Diesel. La baie vitr\u00e9e \u00e0 mouvement vertical de Bitz et Savoye et l\u2019atomiseur \u00e9lectrique de Valnature ont \u00e9t\u00e9 distingu\u00e9s en 2011 et 2013.<\/p>\n<p><strong>\u00a0<br \/>\nToutes les informations utiles pour le vote se trouvent sous <a href=\"http:\/\/www.prixcreateursbcvs.ch\/fr\/\" target=\"_blank\" rel=\"noopener\">prixcreateursbcvs.ch<\/a>.<\/strong><\/p>\n<p><strong>Source: <\/strong>communiqu\u00e9 de presse <a href=\"http:\/\/www.prixcreateursbcvs.ch\/fr\/\" target=\"_blank\" rel=\"noopener\">Prix Cr\u00e9ateurs BCVs<\/a><\/p>\n","protected":false},"excerpt":{"rendered":"<p>Un ing\u00e9nieux syst\u00e8me pour gagner de la place sur une table, un appareil pour faciliter l\u2019apprentissage de la lecture et une application mobile permettant d\u2019archiver et r\u00e9utiliser le contenu de vos r\u00e9unions: ces trois projets innovants sont les finalistes de la 5e \u00e9dition du Prix Cr\u00e9ateurs BCVs, organis\u00e9 par la Banque Cantonale du Valais et [&hellip;]<\/p>\n","protected":false},"author":1,"featured_media":0,"comment_status":"closed","ping_status":"closed","sticky":false,"template":"","format":"standard","meta":{"_acf_changed":false,"footnotes":""},"categories":[196],"tags":[],"class_list":["post-9453","post","type-post","status-publish","format-standard","hentry","category-mecanique"],"acf":[],"_links":{"self":[{"href":"https:\/\/theark.ch\/fr\/wp-json\/wp\/v2\/posts\/9453","targetHints":{"allow":["GET"]}}],"collection":[{"href":"https:\/\/theark.ch\/fr\/wp-json\/wp\/v2\/posts"}],"about":[{"href":"https:\/\/theark.ch\/fr\/wp-json\/wp\/v2\/types\/post"}],"author":[{"embeddable":true,"href":"https:\/\/theark.ch\/fr\/wp-json\/wp\/v2\/users\/1"}],"replies":[{"embeddable":true,"href":"https:\/\/theark.ch\/fr\/wp-json\/wp\/v2\/comments?post=9453"}],"version-history":[{"count":0,"href":"https:\/\/theark.ch\/fr\/wp-json\/wp\/v2\/posts\/9453\/revisions"}],"wp:attachment":[{"href":"https:\/\/theark.ch\/fr\/wp-json\/wp\/v2\/media?parent=9453"}],"wp:term":[{"taxonomy":"category","embeddable":true,"href":"https:\/\/theark.ch\/fr\/wp-json\/wp\/v2\/categories?post=9453"},{"taxonomy":"post_tag","embeddable":true,"href":"https:\/\/theark.ch\/fr\/wp-json\/wp\/v2\/tags?post=9453"}],"curies":[{"name":"wp","href":"https:\/\/api.w.org\/{rel}","templated":true}]}}