{"id":9581,"date":"2014-06-12T11:22:00","date_gmt":"2014-06-12T09:22:00","guid":{"rendered":"http:\/\/theark.ch\/favoriser-lecosysteme-de-ledition-de-logiciels-en-valais-5837\/"},"modified":"2014-06-12T11:22:00","modified_gmt":"2014-06-12T09:22:00","slug":"favoriser-lecosysteme-de-ledition-de-logiciels-en-valais-5837","status":"publish","type":"post","link":"https:\/\/theark.ch\/fr\/news\/favoriser-lecosysteme-de-ledition-de-logiciels-en-valais-5837\/","title":{"rendered":"Favoriser l\u2019\u00e9cosyst\u00e8me de l\u2019\u00e9dition de logiciels en Valais"},"content":{"rendered":"<p>La <a href=\"http:\/\/theark.ch\/\" target=\"_blank\" rel=\"noopener\">Fondation The Ark<\/a> a organis\u00e9 \u00e0 la mi-mai, au <a href=\"http:\/\/www.technoark.ch\/fr\/\" target=\"_blank\" rel=\"noopener\">TechnoArk<\/a> de Sierre, la seconde \u00e9dition de son Forum The Ark d\u00e9di\u00e9 au r\u00e9seautage et \u00e0 l\u2019\u00e9change entre acteurs du logiciel valaisan.\u00a0Comme l\u2019an dernier, c\u2019est plus d\u2019une quarantaine de d\u00e9cideurs, repr\u00e9sentants de PME, grandes entreprises et instituts de recherche qui ont r\u00e9pondu positivement \u00e0 l\u2019invitation.<\/p>\n<p>Une telle rencontre permet de renforcer la communaut\u00e9 des \u00e9diteurs et d\u00e9veloppeurs de logiciels et participe ainsi \u00e0 la contribution que la Fondation The Ark souhaite amener au d\u00e9veloppement d\u2019un \u00e9cosyst\u00e8me solide et dynamique pour l\u2019\u00e9dition de logiciels en Valais.<\/p>\n<p>A ce type d\u2019\u00e9v\u00e8nements, qui favorise la collaboration et renforce la confiance entre les entreprises, s\u2019ajoutent tout au long de l\u2019ann\u00e9e des ateliers et conf\u00e9rences qui traitent des tendances actuelles dans le domaine du logiciel, qu\u2019il s\u2019agisse de tendances technologiques, commerciales ou organisationnelles.<\/p>\n<p>Ces deux axes, renforcement de la communaut\u00e9 et sensibilisation aux tendances, \u00a0permettent, souvent avec le soutien de la Fondation The Ark, \u00e0 tous les acteurs de notre \u00e9cosyst\u00e8me (PME, instituts de recherches et start-up) de d\u00e9velopper ensemble de nouveaux logiciels \u00e0 forte valeur ajout\u00e9e.<\/p>\n","protected":false},"excerpt":{"rendered":"<p>La Fondation The Ark a organis\u00e9 \u00e0 la mi-mai, au TechnoArk de Sierre, la seconde \u00e9dition de son Forum The Ark d\u00e9di\u00e9 au r\u00e9seautage et \u00e0 l\u2019\u00e9change entre acteurs du logiciel valaisan.\u00a0Comme l\u2019an dernier, c\u2019est plus d\u2019une quarantaine de d\u00e9cideurs, repr\u00e9sentants de PME, grandes entreprises et instituts de recherche qui ont r\u00e9pondu positivement \u00e0 l\u2019invitation. [&hellip;]<\/p>\n","protected":false},"author":1,"featured_media":0,"comment_status":"closed","ping_status":"closed","sticky":false,"template":"","format":"standard","meta":{"_acf_changed":false,"footnotes":""},"categories":[186],"tags":[],"class_list":["post-9581","post","type-post","status-publish","format-standard","hentry","category-digital"],"acf":[],"_links":{"self":[{"href":"https:\/\/theark.ch\/fr\/wp-json\/wp\/v2\/posts\/9581","targetHints":{"allow":["GET"]}}],"collection":[{"href":"https:\/\/theark.ch\/fr\/wp-json\/wp\/v2\/posts"}],"about":[{"href":"https:\/\/theark.ch\/fr\/wp-json\/wp\/v2\/types\/post"}],"author":[{"embeddable":true,"href":"https:\/\/theark.ch\/fr\/wp-json\/wp\/v2\/users\/1"}],"replies":[{"embeddable":true,"href":"https:\/\/theark.ch\/fr\/wp-json\/wp\/v2\/comments?post=9581"}],"version-history":[{"count":0,"href":"https:\/\/theark.ch\/fr\/wp-json\/wp\/v2\/posts\/9581\/revisions"}],"wp:attachment":[{"href":"https:\/\/theark.ch\/fr\/wp-json\/wp\/v2\/media?parent=9581"}],"wp:term":[{"taxonomy":"category","embeddable":true,"href":"https:\/\/theark.ch\/fr\/wp-json\/wp\/v2\/categories?post=9581"},{"taxonomy":"post_tag","embeddable":true,"href":"https:\/\/theark.ch\/fr\/wp-json\/wp\/v2\/tags?post=9581"}],"curies":[{"name":"wp","href":"https:\/\/api.w.org\/{rel}","templated":true}]}}