{"id":9629,"date":"2014-06-12T13:44:00","date_gmt":"2014-06-12T11:44:00","guid":{"rendered":"http:\/\/theark.ch\/premier-coup-de-pioche-imminent-au-bioark-viege-5845\/"},"modified":"2014-06-12T13:44:00","modified_gmt":"2014-06-12T11:44:00","slug":"premier-coup-de-pioche-imminent-au-bioark-viege-5845","status":"publish","type":"post","link":"https:\/\/theark.ch\/fr\/news\/premier-coup-de-pioche-imminent-au-bioark-viege-5845\/","title":{"rendered":"Premier coup de pioche imminent au BioArk Vi\u00e8ge"},"content":{"rendered":"<p><strong>The Ark pourra bient\u00f4t compter sur un nouveau site technologique. En effet, le BioArk de Vi\u00e8ge verra le jour en 2015. Les premiers coups de pioche de la construction de ce nouveau b\u00e2timent d\u00e9di\u00e9 aux sciences de la vie seront donn\u00e9s en automne prochain. Le dossier de la construction, pr\u00e9vue \u00e0 proximit\u00e9 du site de Lonza, est actuellement \u00e0 l\u2019enqu\u00eate publique.<\/strong><\/p>\n<p>Ce nouveau b\u00e2timent disposera d\u2019environ 4&#39;000 m2, sur quatre \u00e9tages. Deux \u00a0\u00e9tages serviront au soutien aux jeunes entrepreneurs (start-up) et aux PME innovantes. Un \u00e9tage sera d\u00e9di\u00e9 \u00e0 la formation. Enfin, le dernier niveau sera occup\u00e9 par une plateforme pr\u00e9industrielle de Fill-and-Finish (conditionnement et emballage des m\u00e9dicaments en test).<\/p>\n<p>Ainsi, gr\u00e2ce \u00e0 BioArk Vi\u00e8ge, les comp\u00e9tences-cl\u00e9s, la formation, la technologie, le soutien \u00e0 l\u2019innovation et les entreprises seront r\u00e9unis sous un m\u00eame toit. BioArk Vi\u00e8ge est issu d\u2019un partenariat entre la commune de Vi\u00e8ge, le canton du Valais, Lonza, la Fondation The Ark et des acteurs issus de l\u2019\u00e9conomie priv\u00e9e. Le mod\u00e8le financier se calque sur les sites technologiques d\u00e9j\u00e0 existants de la Fondation The Ark, notamment \u00e0 Sierre, Monthey et Conthey. Le co\u00fbt total du b\u00e2timent de BioArk Vi\u00e8ge avoisinera \u00a024 millions de francs.<\/p>\n","protected":false},"excerpt":{"rendered":"<p>The Ark pourra bient\u00f4t compter sur un nouveau site technologique. En effet, le BioArk de Vi\u00e8ge verra le jour en 2015. Les premiers coups de pioche de la construction de ce nouveau b\u00e2timent d\u00e9di\u00e9 aux sciences de la vie seront donn\u00e9s en automne prochain. Le dossier de la construction, pr\u00e9vue \u00e0 proximit\u00e9 du site de [&hellip;]<\/p>\n","protected":false},"author":1,"featured_media":0,"comment_status":"closed","ping_status":"closed","sticky":false,"template":"","format":"standard","meta":{"_acf_changed":false,"footnotes":""},"categories":[196],"tags":[],"class_list":["post-9629","post","type-post","status-publish","format-standard","hentry","category-mecanique"],"acf":[],"_links":{"self":[{"href":"https:\/\/theark.ch\/fr\/wp-json\/wp\/v2\/posts\/9629","targetHints":{"allow":["GET"]}}],"collection":[{"href":"https:\/\/theark.ch\/fr\/wp-json\/wp\/v2\/posts"}],"about":[{"href":"https:\/\/theark.ch\/fr\/wp-json\/wp\/v2\/types\/post"}],"author":[{"embeddable":true,"href":"https:\/\/theark.ch\/fr\/wp-json\/wp\/v2\/users\/1"}],"replies":[{"embeddable":true,"href":"https:\/\/theark.ch\/fr\/wp-json\/wp\/v2\/comments?post=9629"}],"version-history":[{"count":0,"href":"https:\/\/theark.ch\/fr\/wp-json\/wp\/v2\/posts\/9629\/revisions"}],"wp:attachment":[{"href":"https:\/\/theark.ch\/fr\/wp-json\/wp\/v2\/media?parent=9629"}],"wp:term":[{"taxonomy":"category","embeddable":true,"href":"https:\/\/theark.ch\/fr\/wp-json\/wp\/v2\/categories?post=9629"},{"taxonomy":"post_tag","embeddable":true,"href":"https:\/\/theark.ch\/fr\/wp-json\/wp\/v2\/tags?post=9629"}],"curies":[{"name":"wp","href":"https:\/\/api.w.org\/{rel}","templated":true}]}}